{"id":130714,"date":"2026-01-09T14:08:07","date_gmt":"2026-01-09T14:08:07","guid":{"rendered":"https:\/\/www.europesays.com\/se\/130714\/"},"modified":"2026-01-09T14:08:07","modified_gmt":"2026-01-09T14:08:07","slug":"starkare-skydd-for-sveriges-befolkning","status":"publish","type":"post","link":"https:\/\/www.europesays.com\/se\/130714\/","title":{"rendered":"Starkare skydd f\u00f6r Sveriges befolkning"},"content":{"rendered":"<p>&#13;<br \/>\nI h\u00e4ndelse av krig eller ett v\u00e4pnat angrepp s\u00e5 \u00e4r det viktigt att det finns ett starkt skydd f\u00f6r civilbefolkningen. D\u00e4rf\u00f6r har regeringen g\u00e5tt fram med en rad f\u00f6rslag p\u00e5 hur skyddet kan st\u00e4rkas, inklusive ny lagstiftning om skyddsrum och skyddade utrymmen. <\/p>\n<p>\u2013 De f\u00f6rslag som regeringen presenterat syftar till att sk\u00e4rpa lagstiftningen och tydligg\u00f6ra kravst\u00e4llningen gentemot alla ansvariga akt\u00f6rer. Regeringen har gjort stora satsningar p\u00e5 att h\u00f6ja skyddet av civilbefolkningen \u2013 nu vill vi se att f\u00f6rm\u00e5gan \u00f6kar, s\u00e4ger Carl-Oskar Bohlin, minister f\u00f6r civilt f\u00f6rsvar.<\/p>\n<p>\u2013 Att skydda civilbefolkningen \u00e4r statens mest grundl\u00e4ggande ansvar. Med den h\u00e4r lagstiftningen tar vi ett n\u00f6dv\u00e4ndigt steg fr\u00e5n goda intentioner till tydliga krav, ansvar och faktisk f\u00f6rm\u00e5ga. Skyddsrum och skyddade utrymmen ska fungera n\u00e4r de beh\u00f6vs \u2013 inte bara finnas p\u00e5 papper. Det handlar ytterst om att v\u00e4rna m\u00e4nniskoliv och h\u00e5lla ihop samh\u00e4llet \u00e4ven i krig, s\u00e4ger Mikael Oscarsson, f\u00f6rsvarspolitisk talesperson f\u00f6r Kristdemokraterna.<\/p>\n<p>\u2013 Det som utspelar sig i Ukraina \u00e4r en brutal p\u00e5minnelse om vad vi m\u00e5ste l\u00e4ra av. Ryssland respekterar inte civilbefolkningen, utan riktar sina angrepp mot samh\u00e4llenas mest s\u00e5rbara. D\u00e4rf\u00f6r \u00e4r skyddet av civila en gemensam angel\u00e4genhet. I Sverige m\u00e5ste alla ta ansvar, s\u00e5 att vi i kris eller krig har f\u00f6rm\u00e5gan att skydda m\u00e4nniskor, uppr\u00e4tth\u00e5lla trygghet och h\u00e5lla samh\u00e4llet samman, s\u00e4ger Gulan Avci, f\u00f6rsvarspolitisk talesperson f\u00f6r Liberalerna.<\/p>\n<p>Erfarenheterna fr\u00e5n Ukraina har tydligt visat p\u00e5 behovet av moderna och \u00e4ndam\u00e5lsenliga skyddsrum och andra utrymmen som kan erbjuda skydd. Skyddat utrymme inf\u00f6rs d\u00e4rf\u00f6r som ett skyddsalternativ genom den nya lagen. I den nya lagen om skyddsrum och skyddade utrymmen l\u00e4mnas ocks\u00e5 bland annat f\u00f6rslag som inneb\u00e4r att:<\/p>\n<ul>\n<li>\u00c4garen till en byggnad eller annan anl\u00e4ggning d\u00e4r det finns ett skyddsrum blir skyldig att utf\u00f6ra en f\u00f6renklad kontroll, en slags enklare egenkontroll, av skyddsrummet efter f\u00f6rel\u00e4ggande.<\/li>\n<li>Det anges uttryckligen i lagen att fastighets\u00e4gare och nyttjander\u00e4ttshavare \u00e4r skyldiga att st\u00e4lla i ordning ett skyddsrum eller skyddat utrymme inf\u00f6r h\u00f6jd beredskap.<\/li>\n<li>En kommun ska, p\u00e5 det s\u00e4tt som kommunen bed\u00f6mer \u00e4r l\u00e4mpligt, ansvara f\u00f6r att f\u00f6rmedla information om bland annat skyddsalternativ i kommunen.<\/li>\n<\/ul>\n<p>Regeringen kommer \u00e4ven p\u00e5 sikt att ge l\u00e4nsstyrelserna ansvar f\u00f6r kontroller av skyddsrum i st\u00e4llet f\u00f6r Myndigheten f\u00f6r civilt f\u00f6rsvar.<\/p>\n<p>I lagr\u00e5dsremissen l\u00e4mnas ocks\u00e5 f\u00f6rslag p\u00e5 \u00e4ndringar i den lag som g\u00e4ller utrymning och inkvartering under h\u00f6jd beredskap i syfte att skapa en tydlig planering och ansvarsf\u00f6rdelning. Ber\u00f6rda l\u00e4nsstyrelser och kommuner ska ta fram, dokumentera, se \u00f6ver och \u00f6va planeringen. Kommunerna ska ocks\u00e5 f\u00f6rmedla information om planeringen till kommuninv\u00e5narna.<\/p>\n<p>Lag\u00e4ndringarna f\u00f6resl\u00e5s tr\u00e4da i kraft den 1 juni 2026.<\/p>\n","protected":false},"excerpt":{"rendered":"&#13; I h\u00e4ndelse av krig eller ett v\u00e4pnat angrepp s\u00e5 \u00e4r det viktigt att det finns ett starkt&hellip;\n","protected":false},"author":2,"featured_media":67452,"comment_status":"","ping_status":"","sticky":false,"template":"","format":"standard","meta":{"footnotes":""},"categories":[12],"tags":[22,23,26,27,17,21,24,25,28,29,15,16,18,34,31,33,32,30,19,20],"class_list":{"0":"post-130714","1":"post","2":"type-post","3":"status-publish","4":"format-standard","5":"has-post-thumbnail","7":"category-sverige","8":"tag-breaking-news","9":"tag-breakingnews","10":"tag-featured-news","11":"tag-featurednews","12":"tag-headlines","13":"tag-huvudnyheter","14":"tag-latest-news","15":"tag-latestnews","16":"tag-main-news","17":"tag-mainnews","18":"tag-news","19":"tag-nyheter","20":"tag-rubriker","21":"tag-se","22":"tag-svenska","23":"tag-sverige","24":"tag-sweden","25":"tag-swedish","26":"tag-top-stories","27":"tag-topstories"},"share_on_mastodon":{"url":"https:\/\/pubeurope.com\/@se\/115865537986400406","error":""},"_links":{"self":[{"href":"https:\/\/www.europesays.com\/se\/wp-json\/wp\/v2\/posts\/130714","targetHints":{"allow":["GET"]}}],"collection":[{"href":"https:\/\/www.europesays.com\/se\/wp-json\/wp\/v2\/posts"}],"about":[{"href":"https:\/\/www.europesays.com\/se\/wp-json\/wp\/v2\/types\/post"}],"author":[{"embeddable":true,"href":"https:\/\/www.europesays.com\/se\/wp-json\/wp\/v2\/users\/2"}],"replies":[{"embeddable":true,"href":"https:\/\/www.europesays.com\/se\/wp-json\/wp\/v2\/comments?post=130714"}],"version-history":[{"count":0,"href":"https:\/\/www.europesays.com\/se\/wp-json\/wp\/v2\/posts\/130714\/revisions"}],"wp:featuredmedia":[{"embeddable":true,"href":"https:\/\/www.europesays.com\/se\/wp-json\/wp\/v2\/media\/67452"}],"wp:attachment":[{"href":"https:\/\/www.europesays.com\/se\/wp-json\/wp\/v2\/media?parent=130714"}],"wp:term":[{"taxonomy":"category","embeddable":true,"href":"https:\/\/www.europesays.com\/se\/wp-json\/wp\/v2\/categories?post=130714"},{"taxonomy":"post_tag","embeddable":true,"href":"https:\/\/www.europesays.com\/se\/wp-json\/wp\/v2\/tags?post=130714"}],"curies":[{"name":"wp","href":"https:\/\/api.w.org\/{rel}","templated":true}]}}