{"id":130719,"date":"2026-01-09T14:12:16","date_gmt":"2026-01-09T14:12:16","guid":{"rendered":"https:\/\/www.europesays.com\/se\/130719\/"},"modified":"2026-01-09T14:12:16","modified_gmt":"2026-01-09T14:12:16","slug":"netflix-bekraftar-femte-och-sista-sasongen-av-the-witcher-slapps-under-2026","status":"publish","type":"post","link":"https:\/\/www.europesays.com\/se\/130719\/","title":{"rendered":"Netflix bekr\u00e4ftar: Femte och sista s\u00e4songen av \u201dThe Witcher\u201d sl\u00e4pps under 2026"},"content":{"rendered":"<p><a href=\"https:\/\/www.moviezine.se\/series\/the-witcher\" rel=\"nofollow noopener\" target=\"_blank\">\u201dThe Witcher\u201d<\/a> lider mot sitt slut. Efter att Netflix sl\u00e4ppte den fj\u00e4rde s\u00e4songen av den episka fantasyserien i h\u00f6stas, bekr\u00e4ftar de nu att den femte och sista s\u00e4songen kommer f\u00e5 premi\u00e4r n\u00e5gon g\u00e5ng under \u00e5ret, via <a href=\"https:\/\/www.netflix.com\/tudum\/articles\/new-shows-on-netflix-2026\" rel=\"nofollow noopener\" target=\"_blank\">Tudum<\/a>.<\/p>\n<p>Inf\u00f6r den f\u00f6rra s\u00e4songen hoppade som bekant huvudrollsinnehavaren <strong>Henry Cavill<\/strong> av, f\u00f6r att snart se sig utbytt av <strong>Liam Hemsworth<\/strong>. Det blir \u00e5terigen Hemsworth som g\u00e5r i t\u00e4ten f\u00f6r seriens allra sista avsnitt \u2013 och som f\u00e5r avsluta monsterj\u00e4garen Geralts \u00e4ventyr.<\/p>\n<p>Netflix har ocks\u00e5 sl\u00e4ppt ett synopsis f\u00f6r de kommande avsnitten. \u201dSlutet n\u00e4rmar sig: M\u00f6rka krafter samlas \u00f6ver hela Kontinenten med onda planer riktade mot Ciri. \u00c4ven om Geralt och Yennefer lyckas r\u00e4dda sin dotter och uppfylla sin sista \u00f6nskan om att \u00e5terf\u00f6renas som familj, m\u00e5ste de m\u00f6ta hinder \u2013 och fiender \u2013 av ett slag de aldrig tidigare st\u00f6tt p\u00e5.\u201d<\/p>\n<p>I rollistan ser vi \u00e5terv\u00e4ndande namn som <strong>Anya Chalotra<\/strong> som Yennefer, <strong>Freya Allan<\/strong> som Ciri och <strong>Joey Batey<\/strong> som Jaskier. <strong>Laurence Fishburne<\/strong> d\u00f6k upp i den fj\u00e4rde s\u00e4songen som en mystisk vampyr, och \u00e4ven han \u00e5terv\u00e4nder inf\u00f6r den storslagna finalen.<\/p>\n<p>Exakt n\u00e4r den femte s\u00e4songen av \u201dThe Witcher\u201d f\u00e5r premi\u00e4r p\u00e5 Netflix \u00e5terst\u00e5r \u00e4nnu att se. Klart st\u00e5r att den dyker upp n\u00e5gon g\u00e5ng under 2026.<\/p>\n<p>L\u00e4s ocks\u00e5: <a href=\"https:\/\/www.moviezine.se\/nyheter\/blir-det-har-nasta-the-witcher-en-av-varldens-storsta-fantasyberattelser-kan-bli-storslaget-spel\" title=\"Blir det h\u00e4r n\u00e4sta \u201dThe Witcher? En av v\u00e4rldens st\u00f6rsta fantasyber\u00e4ttelser kan bli storslaget spel\" class=\"underline-custom !font-montserrat !font-bold !underline-offset-4 !decoration-4 !decoration-moviezine-green !text-md\" rel=\"nofollow noopener\" target=\"_blank\">Blir det h\u00e4r n\u00e4sta \u201dThe Witcher? En av v\u00e4rldens st\u00f6rsta fantasyber\u00e4ttelser kan bli storslaget spel<\/a><\/p>\n<p>L\u00e4s ocks\u00e5: <a href=\"https:\/\/www.moviezine.se\/nyheter\/netflix-slappte-just-en-hemlig-the-witcher-film-med-dolph-lundgren\" title=\"\u00d6verraskning! Netflix sl\u00e4ppte just en hemlig \u201dThe Witcher\u201d-film \u2013 med Dolph Lundgren\" class=\"underline-custom !font-montserrat !font-bold !underline-offset-4 !decoration-4 !decoration-moviezine-green !text-md\" rel=\"nofollow noopener\" target=\"_blank\">\u00d6verraskning! Netflix sl\u00e4ppte just en hemlig \u201dThe Witcher\u201d-film \u2013 med Dolph Lundgren<\/a><\/p>\n","protected":false},"excerpt":{"rendered":"\u201dThe Witcher\u201d lider mot sitt slut. Efter att Netflix sl\u00e4ppte den fj\u00e4rde s\u00e4songen av den episka fantasyserien i&hellip;\n","protected":false},"author":2,"featured_media":130720,"comment_status":"","ping_status":"","sticky":false,"template":"","format":"standard","meta":{"footnotes":""},"categories":[67],"tags":[104,2399,34,31,33,32,30,4319,105],"class_list":{"0":"post-130719","1":"post","2":"type-post","3":"status-publish","4":"format-standard","5":"has-post-thumbnail","7":"category-underhallning","8":"tag-entertainment","9":"tag-netflix","10":"tag-se","11":"tag-svenska","12":"tag-sverige","13":"tag-sweden","14":"tag-swedish","15":"tag-the-witcher","16":"tag-underhallning"},"share_on_mastodon":{"url":"https:\/\/pubeurope.com\/@se\/115865553644074002","error":""},"_links":{"self":[{"href":"https:\/\/www.europesays.com\/se\/wp-json\/wp\/v2\/posts\/130719","targetHints":{"allow":["GET"]}}],"collection":[{"href":"https:\/\/www.europesays.com\/se\/wp-json\/wp\/v2\/posts"}],"about":[{"href":"https:\/\/www.europesays.com\/se\/wp-json\/wp\/v2\/types\/post"}],"author":[{"embeddable":true,"href":"https:\/\/www.europesays.com\/se\/wp-json\/wp\/v2\/users\/2"}],"replies":[{"embeddable":true,"href":"https:\/\/www.europesays.com\/se\/wp-json\/wp\/v2\/comments?post=130719"}],"version-history":[{"count":0,"href":"https:\/\/www.europesays.com\/se\/wp-json\/wp\/v2\/posts\/130719\/revisions"}],"wp:featuredmedia":[{"embeddable":true,"href":"https:\/\/www.europesays.com\/se\/wp-json\/wp\/v2\/media\/130720"}],"wp:attachment":[{"href":"https:\/\/www.europesays.com\/se\/wp-json\/wp\/v2\/media?parent=130719"}],"wp:term":[{"taxonomy":"category","embeddable":true,"href":"https:\/\/www.europesays.com\/se\/wp-json\/wp\/v2\/categories?post=130719"},{"taxonomy":"post_tag","embeddable":true,"href":"https:\/\/www.europesays.com\/se\/wp-json\/wp\/v2\/tags?post=130719"}],"curies":[{"name":"wp","href":"https:\/\/api.w.org\/{rel}","templated":true}]}}