{"id":130721,"date":"2026-01-09T14:14:09","date_gmt":"2026-01-09T14:14:09","guid":{"rendered":"https:\/\/www.europesays.com\/se\/130721\/"},"modified":"2026-01-09T14:14:09","modified_gmt":"2026-01-09T14:14:09","slug":"gm-tar-miljardsmall-for-slopade-elbilar","status":"publish","type":"post","link":"https:\/\/www.europesays.com\/se\/130721\/","title":{"rendered":"GM tar miljardsm\u00e4ll f\u00f6r slopade elbilar"},"content":{"rendered":"<p>\t\t\t\t<img decoding=\"async\" class=\"figure-img img-fluid\"  src=\"https:\/\/www.europesays.com\/se\/wp-content\/uploads\/2026\/01\/1767968049_125_bilder.tn.se.jpeg\" alt=\"\" itemprop=\"image\"\/><\/p>\n<p>\t\t\t\t\t\t\t\t\tGM st\u00e4ller om produktionen mot f\u00e4rre elbilar och mer mot fossildrivna fordon. Arkivbild.<br \/>\n\t\t\t\t\t\t\t\t\t\t\t\t\tBild:<br \/>\n\t\t\t\t\tJeff Roberson\/AP\/TT<\/p>\n<p>\n\t\tPublicerad:<br \/>\n\t\t9 jan 2026, 15:00\n\t<\/p>\n<p>Ekonomi (TT-Bloomberg)<\/p>\n<p class=\"ew-body\">Amerikanska bilj\u00e4tten General Motors g\u00f6r en nedskrivning p\u00e5 6 miljarder dollar relaterade till \u00e4ndrade planer f\u00f6r elbilsproduktionen.<\/p>\n<p class=\"ew-body\">De totala nedskrivningarna p\u00e5 den enorma elbilssatsningen uppg\u00e5r d\u00e4rmed till 7,6 miljarder dollar, sedan en i sammanhanget mindre nedskrivning annonserades i oktober.<\/p>\n<p class=\"ew-body\">\u00c5tg\u00e4rderna till att minimera effekten p\u00e5 rapporterade vinster fram\u00f6ver, d\u00e5 GM r\u00e4knar med att efterfr\u00e5gan p\u00e5 elbilar kommer att g\u00e5 ner till f\u00f6ljd av president Donald Trumps beslut, bland annat slopandet av skatterabatten p\u00e5 elbilar.<\/p>\n<p>\n\t\tPublicerad:<br \/>\n\t\t9 jan 2026, 15:00\n\t<\/p>\n","protected":false},"excerpt":{"rendered":"GM st\u00e4ller om produktionen mot f\u00e4rre elbilar och mer mot fossildrivna fordon. Arkivbild. Bild: Jeff Roberson\/AP\/TT Publicerad: 9&hellip;\n","protected":false},"author":2,"featured_media":130722,"comment_status":"","ping_status":"","sticky":false,"template":"","format":"standard","meta":{"footnotes":""},"categories":[65],"tags":[72,70,71,34,31,33,32,30],"class_list":{"0":"post-130721","1":"post","2":"type-post","3":"status-publish","4":"format-standard","5":"has-post-thumbnail","7":"category-ekonomi","8":"tag-business","9":"tag-economy","10":"tag-ekonomi","11":"tag-se","12":"tag-svenska","13":"tag-sverige","14":"tag-sweden","15":"tag-swedish"},"share_on_mastodon":{"url":"https:\/\/pubeurope.com\/@se\/115865561595815686","error":""},"_links":{"self":[{"href":"https:\/\/www.europesays.com\/se\/wp-json\/wp\/v2\/posts\/130721","targetHints":{"allow":["GET"]}}],"collection":[{"href":"https:\/\/www.europesays.com\/se\/wp-json\/wp\/v2\/posts"}],"about":[{"href":"https:\/\/www.europesays.com\/se\/wp-json\/wp\/v2\/types\/post"}],"author":[{"embeddable":true,"href":"https:\/\/www.europesays.com\/se\/wp-json\/wp\/v2\/users\/2"}],"replies":[{"embeddable":true,"href":"https:\/\/www.europesays.com\/se\/wp-json\/wp\/v2\/comments?post=130721"}],"version-history":[{"count":0,"href":"https:\/\/www.europesays.com\/se\/wp-json\/wp\/v2\/posts\/130721\/revisions"}],"wp:featuredmedia":[{"embeddable":true,"href":"https:\/\/www.europesays.com\/se\/wp-json\/wp\/v2\/media\/130722"}],"wp:attachment":[{"href":"https:\/\/www.europesays.com\/se\/wp-json\/wp\/v2\/media?parent=130721"}],"wp:term":[{"taxonomy":"category","embeddable":true,"href":"https:\/\/www.europesays.com\/se\/wp-json\/wp\/v2\/categories?post=130721"},{"taxonomy":"post_tag","embeddable":true,"href":"https:\/\/www.europesays.com\/se\/wp-json\/wp\/v2\/tags?post=130721"}],"curies":[{"name":"wp","href":"https:\/\/api.w.org\/{rel}","templated":true}]}}