{"id":130723,"date":"2026-01-09T14:15:07","date_gmt":"2026-01-09T14:15:07","guid":{"rendered":"https:\/\/www.europesays.com\/se\/130723\/"},"modified":"2026-01-09T14:15:07","modified_gmt":"2026-01-09T14:15:07","slug":"halmstadbo-atalas-for-flera-valdtakter-yngsta-offret-nio-ar","status":"publish","type":"post","link":"https:\/\/www.europesays.com\/se\/130723\/","title":{"rendered":"Halmstadbo \u00e5talas f\u00f6r flera v\u00e5ldt\u00e4kter \u2013 yngsta offret nio \u00e5r"},"content":{"rendered":"<p>F\u00f6rutom v\u00e5ldt\u00e4kten p\u00e5 en 15 \u00e5rig tjej i h\u00f6stas \u00e4r mannen ocks\u00e5 misst\u00e4nkt f\u00f6r grovt olovligt anskaffande av alkohol, sexuellt ofredande och grovt utnyttjande av barn f\u00f6r sexuell posering. <\/p>\n<p><strong>Erbj\u00f6d alkohol f\u00f6r att utnyttja flickor<\/strong><\/p>\n<p>Enligt \u00e5talet erbj\u00f6d mannen flera tjejer under 20 \u00e5r p\u00e5 starksprit f\u00f6r att kunna utnyttja dem sexuellt. Flera av brotten ska ha skett i en l\u00e4genhet i Halmstad.<\/p>\n<p><strong>Nio\u00e5rig flicka utsatt <\/strong><\/p>\n<p>Mannen ska uppmanat en nio\u00e5rig flicka att utf\u00f6ra sexuella handlingar, filma det och skicka filmen till honom. Han ska \u00e4ven ha uppmanat flera andra flickor att skicka naket material till honom som han sedan sparade p\u00e5 sin telefon. V\u00e5ren 2024 ska han ha v\u00e5ldtagit en 14-\u00e5rig flicka.<\/p>\n<p>Mannen vidg\u00e5r denna h\u00e4ndelse men nekar till brott p\u00e5 samtliga \u00e5talspunkter.<\/p>\n<p>Ytterligare en man, en 30-\u00e5ring, \u00e5talas f\u00f6r barnpornografibrott och underl\u00e5tenhet att avsl\u00f6ja grov v\u00e5ldt\u00e4kt mot barn. Han nekar till brott. <\/p>\n","protected":false},"excerpt":{"rendered":"F\u00f6rutom v\u00e5ldt\u00e4kten p\u00e5 en 15 \u00e5rig tjej i h\u00f6stas \u00e4r mannen ocks\u00e5 misst\u00e4nkt f\u00f6r grovt olovligt anskaffande av&hellip;\n","protected":false},"author":2,"featured_media":793,"comment_status":"","ping_status":"","sticky":false,"template":"","format":"standard","meta":{"footnotes":""},"categories":[14],"tags":[22,23,26,27,17,21,24,25,28,29,15,16,18,34,31,33,32,30,19,20,51,52,53,54],"class_list":{"0":"post-130723","1":"post","2":"type-post","3":"status-publish","4":"format-standard","5":"has-post-thumbnail","7":"category-varlden","8":"tag-breaking-news","9":"tag-breakingnews","10":"tag-featured-news","11":"tag-featurednews","12":"tag-headlines","13":"tag-huvudnyheter","14":"tag-latest-news","15":"tag-latestnews","16":"tag-main-news","17":"tag-mainnews","18":"tag-news","19":"tag-nyheter","20":"tag-rubriker","21":"tag-se","22":"tag-svenska","23":"tag-sverige","24":"tag-sweden","25":"tag-swedish","26":"tag-top-stories","27":"tag-topstories","28":"tag-varlden","29":"tag-world","30":"tag-world-news","31":"tag-worldnews"},"share_on_mastodon":{"url":"https:\/\/pubeurope.com\/@se\/115865565563175032","error":""},"_links":{"self":[{"href":"https:\/\/www.europesays.com\/se\/wp-json\/wp\/v2\/posts\/130723","targetHints":{"allow":["GET"]}}],"collection":[{"href":"https:\/\/www.europesays.com\/se\/wp-json\/wp\/v2\/posts"}],"about":[{"href":"https:\/\/www.europesays.com\/se\/wp-json\/wp\/v2\/types\/post"}],"author":[{"embeddable":true,"href":"https:\/\/www.europesays.com\/se\/wp-json\/wp\/v2\/users\/2"}],"replies":[{"embeddable":true,"href":"https:\/\/www.europesays.com\/se\/wp-json\/wp\/v2\/comments?post=130723"}],"version-history":[{"count":0,"href":"https:\/\/www.europesays.com\/se\/wp-json\/wp\/v2\/posts\/130723\/revisions"}],"wp:featuredmedia":[{"embeddable":true,"href":"https:\/\/www.europesays.com\/se\/wp-json\/wp\/v2\/media\/793"}],"wp:attachment":[{"href":"https:\/\/www.europesays.com\/se\/wp-json\/wp\/v2\/media?parent=130723"}],"wp:term":[{"taxonomy":"category","embeddable":true,"href":"https:\/\/www.europesays.com\/se\/wp-json\/wp\/v2\/categories?post=130723"},{"taxonomy":"post_tag","embeddable":true,"href":"https:\/\/www.europesays.com\/se\/wp-json\/wp\/v2\/tags?post=130723"}],"curies":[{"name":"wp","href":"https:\/\/api.w.org\/{rel}","templated":true}]}}