{"id":130724,"date":"2026-01-09T14:16:17","date_gmt":"2026-01-09T14:16:17","guid":{"rendered":"https:\/\/www.europesays.com\/se\/130724\/"},"modified":"2026-01-09T14:16:17","modified_gmt":"2026-01-09T14:16:17","slug":"vardarbetarna-zahra-och-afshad-far-stanna-i-sverige-2","status":"publish","type":"post","link":"https:\/\/www.europesays.com\/se\/130724\/","title":{"rendered":"V\u00e5rdarbetarna Zahra och Afshad f\u00e5r stanna i Sverige"},"content":{"rendered":"<p class=\"sc-c25743f0-0 sc-e37c0145-2 hObFds DQgPn\">P\u00e5 grund av nya regler skulle <a href=\"https:\/\/www.tv4.se\/artikel\/6E2K4pvmWk7sXmE1ARLILL\/zahra-och-afshad-utvisas-trots-brist-pa-sjukvardspersonal-omaenskligt\" class=\"pcc\" target=\"_top\" rel=\"nofollow noopener\">Zahra och Afshad Kazemipour med familj utvisas efter nio \u00e5r i Sverige.<\/a> Detta trots att b\u00e5da tv\u00e5 jobbar inom v\u00e5rden d\u00e4r det r\u00e5der stor arbetskraftsbrist.<\/p>\n<p class=\"sc-c25743f0-0 sc-e37c0145-2 hObFds DQgPn\">2016 s\u00f6kte paret asyl i Sverige \u2013 men d\u00e5 avslogs ans\u00f6kan. Zahra och Afshad fick i st\u00e4llet ett arbetstillst\u00e5nd via ett s\u00e5 kallat \u201dsp\u00e5rbyte\u201d. Men det slopades den 1 april i \u00e5r d\u00e5 reglerna \u00e4ndrades, detta p\u00e5verkade \u00e4ven de som tidigare f\u00e5tt ans\u00f6kan godk\u00e4nd.<\/p>\n<p class=\"sc-c25743f0-0 sc-e37c0145-2 hObFds DQgPn\">Enligt de nya reglerna beh\u00f6vde paret l\u00e4mna Sverige och s\u00f6ka arbetstillst\u00e5nd fr\u00e5n Iran f\u00f6r att d\u00e4refter v\u00e4nta p\u00e5 beslut. Men det skulle enligt Zahra vara f\u00f6r farligt d\u00e5 hon vet hur regimen behandlar olikt\u00e4nkande.<\/p>\n<p class=\"sc-c25743f0-0 sc-e37c0145-2 hObFds DQgPn\">\u2013 Det \u00e4r or\u00e4ttvist, och om\u00e4nskligt. N\u00e4r vi gjorde bytet f\u00f6ljde vi de regler som g\u00e4llde, har Zahra Kazemipour sagt till TV4 Nyheterna tidigare.<\/p>\n<p>\u00c4ndrade beslutet \u2013 f\u00e5r stanna<\/p>\n<p class=\"sc-c25743f0-0 sc-e37c0145-2 hObFds DQgPn\">Nu kommer nya besked fr\u00e5n Migrationsdomstolen. Familjen f\u00e5r stanna i Sverige tillf\u00e4lligt d\u00e5 en ny pr\u00f6vning beviljats.<\/p>\n<p class=\"sc-c25743f0-0 sc-e37c0145-2 hObFds DQgPn\">\u201dMigrationsdomstolen beviljar A, B, C och D en ny pr\u00f6vning av fr\u00e5gan om uppeh\u00e5llstillst\u00e5nd och \u00f6verl\u00e4mnar till Migrationsverket att g\u00f6ra denna pr\u00f6vning\u201d, st\u00e5r det i domen.<\/p>\n<p class=\"sc-c25743f0-0 sc-e37c0145-2 hObFds DQgPn\">F\u00f6r att familjen skulle f\u00e5 stanna, n\u00e4r arbetstillst\u00e5nd inte var en m\u00f6jlighet l\u00e4ngre, ans\u00f6kte de om verkst\u00e4llighetshinder f\u00f6r ompr\u00f6vning av asylsk\u00e4let. Migrationsverket beslutade att inte bevilja pr\u00f6vning. Beslutet \u00f6verklagades till Migrationsdomstolen som nu bed\u00f6mer att \u00e4rendet beviljas pr\u00f6vning.Migrationsverket kan \u00f6verklaga domen. Om det inte sker ska myndigheten kalla till ny utredning.<\/p>\n<p class=\"sc-c25743f0-0 sc-e37c0145-2 hObFds DQgPn\">Zahra Kazemipour s\u00e4ger att hon \u00e4r obeskrivligt glad efter beskedet. I g\u00e5r skulle familjen ha utvisats fr\u00e5n Sverige och var i ett dygn tillf\u00e4lligt pappersl\u00f6sa.<\/p>\n<p class=\"sc-c25743f0-0 sc-e37c0145-2 hObFds DQgPn\">\u2013 Vi \u00e4r s\u00e5 tacksam f\u00f6r all hj\u00e4lp, alla som hj\u00e4lp oss p\u00e5 olika s\u00e4tt. Ni \u00e4r \u00e4nglar, s\u00e4ger hon till TV4 Nyheterna strax efter att domen kommit.<\/p>\n<p>Stora demonstrationer <\/p>\n<p class=\"sc-c25743f0-0 sc-e37c0145-2 hObFds DQgPn\">Zahra och Afshad arbetar b\u00e5da tv\u00e5 p\u00e5 S\u00f6dersjukhuset i Stockholm d\u00e4r kollegorna har demonstrerat mot beslutet att utvisa paret och deras tv\u00e5 barn. \u00c4ven p\u00e5 sociala medier har frustrationen varit stor.<\/p>\n<p class=\"sc-c25743f0-0 sc-e37c0145-2 hObFds DQgPn\">\u2013 Jag k\u00e4nner att vi m\u00e5ste protestera mot att man rycker upp r\u00f6tterna f\u00f6r en familj som bott h\u00e4r i nio \u00e5r. De har barn i skolan, de har l\u00e4rt sig svenska, jobbar inom v\u00e5rden och betalar skatt. De har gjort allt r\u00e4tt enligt lagen som de har levt efter. Nu \u00e4ndras lagen retroaktivt, och d\u00e5 ska de utvisas. Det \u00e4r fullst\u00e4ndigt absurt och ov\u00e4rdigt, har Stephan Serenius, \u00f6verl\u00e4kare p\u00e5 S\u00f6dersjukhuset,<a href=\"https:\/\/www.tv4.se\/artikel\/6E2K4pvmWk7sXmE1ARLILL\/zahra-och-afshad-utvisas-trots-brist-pa-sjukvardspersonal-omaenskligt\" class=\"pcc\" target=\"_top\" rel=\"nofollow noopener\"> tidigare sagt till TV4 Nyheterna.<\/a><\/p>\n<p class=\"sc-c25743f0-0 sc-e37c0145-2 hObFds DQgPn\">Det h\u00f6lls \u00e4ven en stor demonstration p\u00e5 Sergels torg i Stockholm i b\u00f6rjan av januari mot utvisningsbeslutet.<\/p>\n<p>Ska ber\u00e4tta f\u00f6r sin dotter<\/p>\n<p class=\"sc-c25743f0-0 sc-e37c0145-2 hObFds DQgPn\">Hon ser fram emot att dela beskedet med sin sju\u00e5riga dotter.<\/p>\n<p class=\"sc-c25743f0-0 sc-e37c0145-2 hObFds DQgPn\">\u2013 Det \u00e4r s\u00e5 m\u00e5nga k\u00e4nslor p\u00e5 samma g\u00e5ng. Men den starkaste k\u00e4nslan \u00e4r gl\u00e4dje, nu kan vi slappna av lite grann. Min dotter har varit s\u00e5 ledsen och fr\u00e5gat varf\u00f6r vi inte f\u00e5r stanna. En sju\u00e5ring ska inte beh\u00f6va t\u00e4nka p\u00e5 utvisning, s\u00e4ger Zahra Kazemipour.<\/p>\n","protected":false},"excerpt":{"rendered":"P\u00e5 grund av nya regler skulle Zahra och Afshad Kazemipour med familj utvisas efter nio \u00e5r i Sverige.&hellip;\n","protected":false},"author":2,"featured_media":130725,"comment_status":"","ping_status":"","sticky":false,"template":"","format":"standard","meta":{"footnotes":""},"categories":[12],"tags":[22,23,26,27,17,21,24,25,28,29,15,16,18,34,31,33,32,30,19,20],"class_list":{"0":"post-130724","1":"post","2":"type-post","3":"status-publish","4":"format-standard","5":"has-post-thumbnail","7":"category-sverige","8":"tag-breaking-news","9":"tag-breakingnews","10":"tag-featured-news","11":"tag-featurednews","12":"tag-headlines","13":"tag-huvudnyheter","14":"tag-latest-news","15":"tag-latestnews","16":"tag-main-news","17":"tag-mainnews","18":"tag-news","19":"tag-nyheter","20":"tag-rubriker","21":"tag-se","22":"tag-svenska","23":"tag-sverige","24":"tag-sweden","25":"tag-swedish","26":"tag-top-stories","27":"tag-topstories"},"share_on_mastodon":{"url":"https:\/\/pubeurope.com\/@se\/115865569430294248","error":""},"_links":{"self":[{"href":"https:\/\/www.europesays.com\/se\/wp-json\/wp\/v2\/posts\/130724","targetHints":{"allow":["GET"]}}],"collection":[{"href":"https:\/\/www.europesays.com\/se\/wp-json\/wp\/v2\/posts"}],"about":[{"href":"https:\/\/www.europesays.com\/se\/wp-json\/wp\/v2\/types\/post"}],"author":[{"embeddable":true,"href":"https:\/\/www.europesays.com\/se\/wp-json\/wp\/v2\/users\/2"}],"replies":[{"embeddable":true,"href":"https:\/\/www.europesays.com\/se\/wp-json\/wp\/v2\/comments?post=130724"}],"version-history":[{"count":0,"href":"https:\/\/www.europesays.com\/se\/wp-json\/wp\/v2\/posts\/130724\/revisions"}],"wp:featuredmedia":[{"embeddable":true,"href":"https:\/\/www.europesays.com\/se\/wp-json\/wp\/v2\/media\/130725"}],"wp:attachment":[{"href":"https:\/\/www.europesays.com\/se\/wp-json\/wp\/v2\/media?parent=130724"}],"wp:term":[{"taxonomy":"category","embeddable":true,"href":"https:\/\/www.europesays.com\/se\/wp-json\/wp\/v2\/categories?post=130724"},{"taxonomy":"post_tag","embeddable":true,"href":"https:\/\/www.europesays.com\/se\/wp-json\/wp\/v2\/tags?post=130724"}],"curies":[{"name":"wp","href":"https:\/\/api.w.org\/{rel}","templated":true}]}}