{"id":130726,"date":"2026-01-09T14:17:10","date_gmt":"2026-01-09T14:17:10","guid":{"rendered":"https:\/\/www.europesays.com\/se\/130726\/"},"modified":"2026-01-09T14:17:10","modified_gmt":"2026-01-09T14:17:10","slug":"guillermo-molins-ny-assisterande-tranare-i-herrlaget","status":"publish","type":"post","link":"https:\/\/www.europesays.com\/se\/130726\/","title":{"rendered":"Guillermo Molins ny assisterande tr\u00e4nare i herrlaget"},"content":{"rendered":"<p>Guillermo Molins \u00e4r ett bekant namn f\u00f6r alla MFF-supportrar. Han kom till Malm\u00f6 FF som 16-\u00e5ring fr\u00e5n K\u00e4vlinge GIF. Han debuterade i A-laget under s\u00e4songen 2006 och spelade till sig en ordinarie plats i laget tv\u00e5 \u00e5r senare. Med sju m\u00e5l och sju assist var Guillermo Molins med om att f\u00f6ra MFF till SM-guld \u00e5r 2010 innan han blev utlandsproffs i RSC Anderlecht.<\/p>\n<p>Han \u00e5terv\u00e4nde till Malm\u00f6 FF under sommaren 2013 och var kraftigt bidragande till att f\u00f6reningen kunde ta ett nytt SM-guld samma \u00e5r. H\u00f6jdpunkten var hans tv\u00e5 m\u00e5l i matchen mot IF Elfsborg som s\u00e4krade guldet.\u00a0Efter att ha inlett s\u00e4songen 2014 starkt med \u00e5tta m\u00e5l p\u00e5 elva matcher i Allsvenskan ledde en olycklig korsbandsskada till begr\u00e4nsad speltid fram till att flyttlasset gick till kinesiska Beijing Renhe.<\/p>\n<p>Sommaren 2018 \u00e5terv\u00e4nde Guillermo Molins till Malm\u00f6 FF en andra g\u00e5ng efter ett par s\u00e4songer i grekiska Panathinaikos. D\u00e5 stod bland annat f\u00f6r fyra viktiga m\u00e5l i kvalet och gruppspelet i UEFA Europa League 2019. Han gjorde sin sista match som spelare f\u00f6r Malm\u00f6 FF den 2 augusti 2020 d\u00e5 han startade i 3\u20130-segern mot IFK G\u00f6teborg p\u00e5 bortaplan. Totalt blev det 210 t\u00e4vlingsmatcher i Malm\u00f6 FF f\u00f6r \u201dGische\u201d och i dessa gjorde han 57 m\u00e5l och 36 assist. Under sin tid i MFF vann han fem SM-guld.<\/p>\n<p>Spelarkarri\u00e4ren avslutades efter s\u00e4songen 2022 som han tillbringade i Sarpsborg 08 FF. Det var i samma milj\u00f6 som Guillermo Molins tr\u00e4narkarr\u00e4r startades d\u00e5 han \u00e5ret efter blev ansvarig f\u00f6r klubbens U23-lag. \u00c5ret efter blev han assisterande tr\u00e4nare till A-laget. I november 2024 gick flytten till Sverige d\u00e5 han blev U19-tr\u00e4nare i Landskrona Bois.<\/p>\n<p>Nu v\u00e4lkomnar vi Guillermo Molins tillbaka till Malm\u00f6 FF!<\/p>\n<p>Daniel Andersson, fotbollschef:<\/p>\n<p>\u2013 Vi har naturligtvis f\u00f6ljt Gische sedan han l\u00e4mnade oss som spelare och sett att han har tagit kliv i sin utveckling som tr\u00e4nare. B\u00e5de fotbollsm\u00e4ssigt men \u00e4ven som ledare. Vi tror att hans egenskaper som tr\u00e4nare och hans l\u00e5nga erfarenhet av Malm\u00f6 FF som f\u00f6rening kommer komplettera Miguels ledarstab p\u00e5 ett v\u00e4ldigt bra s\u00e4tt.<\/p>\n<p>Guillermo Molins:<\/p>\n<p>\u2013 Jag f\u00f6rstod r\u00e4tt fort vad det g\u00e4llde n\u00e4r Danne h\u00f6rde av sig och vid v\u00e5rt f\u00f6rsta m\u00f6te fick han chansen att l\u00e4ra k\u00e4nna mig som tr\u00e4nare och ledare och det m\u00f6tet gick tydligen bra. Som tr\u00e4nare \u00e4r jag varm. Jag gillar att ge spelarna sj\u00e4lvf\u00f6rtroende, jag tror att jag \u00e4r bra p\u00e5 att ingjuta mod i en grupp. Men samtidigt \u00e4r jag ocks\u00e5 tydlig med att jag har en kravst\u00e4llning som grund.<\/p>\n<p>\u2013 Emellan\u00e5t har jag f\u00f6rs\u00f6kt spela ner mina k\u00e4nslor f\u00f6r Malm\u00f6 FF, men det g\u00e5r inte. Jag har alltid sagt att f\u00f6reningen betyder extremt mycket f\u00f6r mig. Det \u00e4r som ett hem f\u00f6r mig. N\u00e4r man har varit h\u00e4rifr\u00e5n ett tag s\u00e5 m\u00e4rker man hur mycket f\u00f6reningen v\u00e4xer. Nu n\u00e4r 2026 startar k\u00e4nns det som att det g\u00e5r ett startskott f\u00f6r n\u00e5got nytt, och jag tror att det \u00e4r ett bra tillf\u00e4lle f\u00f6r mig att \u00e5terv\u00e4nda. H\u00e4r finns nya influenser och nya tankar.<\/p>\n<p>\u2013 Nu ska jag f\u00f6rst och fr\u00e4mst l\u00e4ra k\u00e4nna staben kring laget. Det ska bli v\u00e4ldigt intressant att s\u00e4tta sig in lite djupare i Miguels s\u00e4tt att se p\u00e5 fotboll och hur han vill f\u00f6rdela olika uppgifter och roller. Miguel verkar vara en rak ledare med en tydlig id\u00e9. Jag tror det h\u00e4r kommer bli en bra m\u00f6jlighet f\u00f6r mig att l\u00e4ra mig hur han ser p\u00e5 fotboll. Som tr\u00e4nare blir du aldrig f\u00e4rdigl\u00e4rd, man m\u00e5ste inse att man kan l\u00e4ra sig v\u00e4ldigt mycket av v\u00e4ldigt m\u00e5nga olika m\u00e4nniskor. Jag tror att Miguel kan inspirera mig.<\/p>\n","protected":false},"excerpt":{"rendered":"Guillermo Molins \u00e4r ett bekant namn f\u00f6r alla MFF-supportrar. Han kom till Malm\u00f6 FF som 16-\u00e5ring fr\u00e5n K\u00e4vlinge&hellip;\n","protected":false},"author":2,"featured_media":130727,"comment_status":"","ping_status":"","sticky":false,"template":"","format":"standard","meta":{"footnotes":""},"categories":[5],"tags":[22,23,26,27,17,21,24,25,28,29,15,16,18,34,31,33,32,30,19,20],"class_list":{"0":"post-130726","1":"post","2":"type-post","3":"status-publish","4":"format-standard","5":"has-post-thumbnail","7":"category-rubriker","8":"tag-breaking-news","9":"tag-breakingnews","10":"tag-featured-news","11":"tag-featurednews","12":"tag-headlines","13":"tag-huvudnyheter","14":"tag-latest-news","15":"tag-latestnews","16":"tag-main-news","17":"tag-mainnews","18":"tag-news","19":"tag-nyheter","20":"tag-rubriker","21":"tag-se","22":"tag-svenska","23":"tag-sverige","24":"tag-sweden","25":"tag-swedish","26":"tag-top-stories","27":"tag-topstories"},"share_on_mastodon":{"url":"https:\/\/pubeurope.com\/@se\/115865573323423081","error":""},"_links":{"self":[{"href":"https:\/\/www.europesays.com\/se\/wp-json\/wp\/v2\/posts\/130726","targetHints":{"allow":["GET"]}}],"collection":[{"href":"https:\/\/www.europesays.com\/se\/wp-json\/wp\/v2\/posts"}],"about":[{"href":"https:\/\/www.europesays.com\/se\/wp-json\/wp\/v2\/types\/post"}],"author":[{"embeddable":true,"href":"https:\/\/www.europesays.com\/se\/wp-json\/wp\/v2\/users\/2"}],"replies":[{"embeddable":true,"href":"https:\/\/www.europesays.com\/se\/wp-json\/wp\/v2\/comments?post=130726"}],"version-history":[{"count":0,"href":"https:\/\/www.europesays.com\/se\/wp-json\/wp\/v2\/posts\/130726\/revisions"}],"wp:featuredmedia":[{"embeddable":true,"href":"https:\/\/www.europesays.com\/se\/wp-json\/wp\/v2\/media\/130727"}],"wp:attachment":[{"href":"https:\/\/www.europesays.com\/se\/wp-json\/wp\/v2\/media?parent=130726"}],"wp:term":[{"taxonomy":"category","embeddable":true,"href":"https:\/\/www.europesays.com\/se\/wp-json\/wp\/v2\/categories?post=130726"},{"taxonomy":"post_tag","embeddable":true,"href":"https:\/\/www.europesays.com\/se\/wp-json\/wp\/v2\/tags?post=130726"}],"curies":[{"name":"wp","href":"https:\/\/api.w.org\/{rel}","templated":true}]}}