{"id":130734,"date":"2026-01-09T14:23:14","date_gmt":"2026-01-09T14:23:14","guid":{"rendered":"https:\/\/www.europesays.com\/se\/130734\/"},"modified":"2026-01-09T14:23:14","modified_gmt":"2026-01-09T14:23:14","slug":"trump-och-machado-ska-ses-i-washington-nasta-vecka","status":"publish","type":"post","link":"https:\/\/www.europesays.com\/se\/130734\/","title":{"rendered":"Trump och Machado ska ses i Washington n\u00e4sta vecka"},"content":{"rendered":"<p>USA:s president Donald Trump ska tr\u00e4ffa den venezuelanska oppositionsledaren och Nobelpristagaren Mar\u00eda Corina Machado i Washington n\u00e4sta vecka, s\u00e4ger han i en intervju med Fox News.<\/p>\n<p>\u2013 Jag f\u00f6rst\u00e5r att hon kommer n\u00e5gon g\u00e5ng n\u00e4sta vecka, och jag ser fram emot att s\u00e4ga hej till henne, s\u00e4ger Trump.<\/p>\n<p>M\u00f6tet sker efter att USA tillf\u00e5ngatagit Venezuelas president Nicol\u00e1s Maduro. Det blir f\u00f6rsta g\u00e5ngen som Trump och Machado ses.<\/p>\n<p>F\u00f6rra veckan sa Trump att Machado saknade den respekt som kr\u00e4vs f\u00f6r att ta \u00f6ver styret i Venezuela. Han har ocks\u00e5 indikerat att fredspriset borde ha getts till honom i\u202fst\u00e4llet f\u00f6r till Machado.<\/p>\n<p>Enligt AFP tror Trump att Machado kommer att ge honom fredspriset i samband med att de ses.<\/p>\n<p>\u2013 Jag f\u00f6rst\u00e5r att hon vill g\u00f6ra det. Det vore en stor \u00e4ra, s\u00e4ger han.<\/p>\n<p>Omni \u00e4r politiskt obundna och oberoende. Vi str\u00e4var efter att ge fler perspektiv p\u00e5 nyheterna. Har du fr\u00e5gor eller synpunkter kring v\u00e5r rapportering? <a href=\"https:\/\/omni.se\/trump-och-machado-ska-ses-i-washington-nasta-vecka\/a\/mailto:redaktion@omni.se\" class=\"ArticleActions_contactLink__W2F1M\" rel=\"nofollow noopener\" target=\"_blank\">Kontakta redaktionen<\/a><\/p>\n","protected":false},"excerpt":{"rendered":"USA:s president Donald Trump ska tr\u00e4ffa den venezuelanska oppositionsledaren och Nobelpristagaren Mar\u00eda Corina Machado i Washington n\u00e4sta vecka,&hellip;\n","protected":false},"author":2,"featured_media":130735,"comment_status":"","ping_status":"","sticky":false,"template":"","format":"standard","meta":{"footnotes":""},"categories":[14],"tags":[387,22,23,385,26,27,17,21,24,25,708,28,29,5317,15,2546,268,16,18,34,31,33,32,30,19,20,74,13061,51,2545,52,53,54],"class_list":{"0":"post-130734","1":"post","2":"type-post","3":"status-publish","4":"format-standard","5":"has-post-thumbnail","7":"category-varlden","8":"tag-amerikansk-politik","9":"tag-breaking-news","10":"tag-breakingnews","11":"tag-donald-trump","12":"tag-featured-news","13":"tag-featurednews","14":"tag-headlines","15":"tag-huvudnyheter","16":"tag-latest-news","17":"tag-latestnews","18":"tag-latinamerika","19":"tag-main-news","20":"tag-mainnews","21":"tag-maria-corina-machado","22":"tag-news","23":"tag-nicolas-maduro","24":"tag-nordamerika","25":"tag-nyheter","26":"tag-rubriker","27":"tag-se","28":"tag-svenska","29":"tag-sverige","30":"tag-sweden","31":"tag-swedish","32":"tag-top-stories","33":"tag-topstories","34":"tag-usa","35":"tag-usa-vs-venezuela","36":"tag-varlden","37":"tag-venezuela","38":"tag-world","39":"tag-world-news","40":"tag-worldnews"},"share_on_mastodon":{"url":"https:\/\/pubeurope.com\/@se\/115865596940448925","error":""},"_links":{"self":[{"href":"https:\/\/www.europesays.com\/se\/wp-json\/wp\/v2\/posts\/130734","targetHints":{"allow":["GET"]}}],"collection":[{"href":"https:\/\/www.europesays.com\/se\/wp-json\/wp\/v2\/posts"}],"about":[{"href":"https:\/\/www.europesays.com\/se\/wp-json\/wp\/v2\/types\/post"}],"author":[{"embeddable":true,"href":"https:\/\/www.europesays.com\/se\/wp-json\/wp\/v2\/users\/2"}],"replies":[{"embeddable":true,"href":"https:\/\/www.europesays.com\/se\/wp-json\/wp\/v2\/comments?post=130734"}],"version-history":[{"count":0,"href":"https:\/\/www.europesays.com\/se\/wp-json\/wp\/v2\/posts\/130734\/revisions"}],"wp:featuredmedia":[{"embeddable":true,"href":"https:\/\/www.europesays.com\/se\/wp-json\/wp\/v2\/media\/130735"}],"wp:attachment":[{"href":"https:\/\/www.europesays.com\/se\/wp-json\/wp\/v2\/media?parent=130734"}],"wp:term":[{"taxonomy":"category","embeddable":true,"href":"https:\/\/www.europesays.com\/se\/wp-json\/wp\/v2\/categories?post=130734"},{"taxonomy":"post_tag","embeddable":true,"href":"https:\/\/www.europesays.com\/se\/wp-json\/wp\/v2\/tags?post=130734"}],"curies":[{"name":"wp","href":"https:\/\/api.w.org\/{rel}","templated":true}]}}