{"id":130738,"date":"2026-01-09T14:25:13","date_gmt":"2026-01-09T14:25:13","guid":{"rendered":"https:\/\/www.europesays.com\/se\/130738\/"},"modified":"2026-01-09T14:25:13","modified_gmt":"2026-01-09T14:25:13","slug":"snabbtester-tyder-pa-att-nyberg-var-narkotikapaverkad","status":"publish","type":"post","link":"https:\/\/www.europesays.com\/se\/130738\/","title":{"rendered":"Snabbtester tyder p\u00e5 att Nyberg var narkotikap\u00e5verkad"},"content":{"rendered":"<p>Snabbtester indikerade att riksdagsledamoten Katja Nyberg (SD) var narkotikap\u00e5verkad n\u00e4r hon stoppades av polis p\u00e5 V\u00e4rmd\u00f6 den 28 december. Det s\u00e4ger \u00f6ver\u00e5klagare Anders Jakobsson till Aftonbladet. <\/p>\n<p>Han p\u00e5pekar dock att ett snabbtest inte s\u00e4kert bevisar att Nyberg var narkotikap\u00e5verkad, utan att man m\u00e5ste inv\u00e4nta en mer grundlig analys av proverna.<\/p>\n<p>Nyberg har sagt att hon inte k\u00e4nner igen sig i rapporteringen om det intr\u00e4ffade, och att hon varken var p\u00e5verkad av alkohol eller narkotika vid h\u00e4ndelsen. Hennes advokat Martin Orler s\u00e4ger till Expressen att Aftonbladets uppgifter om att Nyberg ska ha haft en p\u00e5se med misst\u00e4nkt kokain p\u00e5 sig n\u00e4r polisen kroppsvisiterade henne inte st\u00e4mmer. <\/p>\n<p>Nyberg uppger att hon kontrollerats av polis i samband med en viltolycka. Anders Jakobsson delar dock inte bilden av f\u00f6rloppet. <\/p>\n<p>\u2013 Det var ingen viltolycka. Vad jag har f\u00f6rst\u00e5tt s\u00e5 ska hon ha v\u00e4jt f\u00f6r n\u00e5got mindre djur, en r\u00e5tta eller n\u00e5got. Det var inget r\u00e5djur, \u00e4lg eller n\u00e5got annat, s\u00e4ger han till Aftonbladet. <\/p>\n<p>Provsvaren v\u00e4ntas bli klara n\u00e5gon g\u00e5ng i n\u00e4sta vecka. <\/p>\n<p>Omni \u00e4r politiskt obundna och oberoende. Vi str\u00e4var efter att ge fler perspektiv p\u00e5 nyheterna. Har du fr\u00e5gor eller synpunkter kring v\u00e5r rapportering? <a href=\"https:\/\/omni.se\/aklagaren-snabbtester-tyder-pa-att-nyberg-var-narkotikapaverkad\/a\/mailto:redaktion@omni.se\" class=\"ArticleActions_contactLink__W2F1M\" rel=\"nofollow noopener\" target=\"_blank\">Kontakta redaktionen<\/a><\/p>\n","protected":false},"excerpt":{"rendered":"Snabbtester indikerade att riksdagsledamoten Katja Nyberg (SD) var narkotikap\u00e5verkad n\u00e4r hon stoppades av polis p\u00e5 V\u00e4rmd\u00f6 den 28&hellip;\n","protected":false},"author":2,"featured_media":130739,"comment_status":"","ping_status":"","sticky":false,"template":"","format":"standard","meta":{"footnotes":""},"categories":[5],"tags":[22,23,26,27,17,21,24,25,28,29,15,16,18,34,31,33,32,30,19,20],"class_list":{"0":"post-130738","1":"post","2":"type-post","3":"status-publish","4":"format-standard","5":"has-post-thumbnail","7":"category-rubriker","8":"tag-breaking-news","9":"tag-breakingnews","10":"tag-featured-news","11":"tag-featurednews","12":"tag-headlines","13":"tag-huvudnyheter","14":"tag-latest-news","15":"tag-latestnews","16":"tag-main-news","17":"tag-mainnews","18":"tag-news","19":"tag-nyheter","20":"tag-rubriker","21":"tag-se","22":"tag-svenska","23":"tag-sverige","24":"tag-sweden","25":"tag-swedish","26":"tag-top-stories","27":"tag-topstories"},"share_on_mastodon":{"url":"https:\/\/pubeurope.com\/@se\/115865604754456444","error":""},"_links":{"self":[{"href":"https:\/\/www.europesays.com\/se\/wp-json\/wp\/v2\/posts\/130738","targetHints":{"allow":["GET"]}}],"collection":[{"href":"https:\/\/www.europesays.com\/se\/wp-json\/wp\/v2\/posts"}],"about":[{"href":"https:\/\/www.europesays.com\/se\/wp-json\/wp\/v2\/types\/post"}],"author":[{"embeddable":true,"href":"https:\/\/www.europesays.com\/se\/wp-json\/wp\/v2\/users\/2"}],"replies":[{"embeddable":true,"href":"https:\/\/www.europesays.com\/se\/wp-json\/wp\/v2\/comments?post=130738"}],"version-history":[{"count":0,"href":"https:\/\/www.europesays.com\/se\/wp-json\/wp\/v2\/posts\/130738\/revisions"}],"wp:featuredmedia":[{"embeddable":true,"href":"https:\/\/www.europesays.com\/se\/wp-json\/wp\/v2\/media\/130739"}],"wp:attachment":[{"href":"https:\/\/www.europesays.com\/se\/wp-json\/wp\/v2\/media?parent=130738"}],"wp:term":[{"taxonomy":"category","embeddable":true,"href":"https:\/\/www.europesays.com\/se\/wp-json\/wp\/v2\/categories?post=130738"},{"taxonomy":"post_tag","embeddable":true,"href":"https:\/\/www.europesays.com\/se\/wp-json\/wp\/v2\/tags?post=130738"}],"curies":[{"name":"wp","href":"https:\/\/api.w.org\/{rel}","templated":true}]}}