{"id":130742,"date":"2026-01-09T14:28:10","date_gmt":"2026-01-09T14:28:10","guid":{"rendered":"https:\/\/www.europesays.com\/se\/130742\/"},"modified":"2026-01-09T14:28:10","modified_gmt":"2026-01-09T14:28:10","slug":"the-little-sister-regissoren-unga-har-visat-filmen-som-ett-satt-att-komma-ut-9-januari-2026-p1-kultur-reportage","status":"publish","type":"post","link":"https:\/\/www.europesays.com\/se\/130742\/","title":{"rendered":"\u201dThe Little Sister\u201d-regiss\u00f6ren: Unga har visat filmen som ett s\u00e4tt att komma ut 9 januari 2026 &#8211; P1 Kultur Reportage"},"content":{"rendered":"<p>Franska filmen &#8221;The Little Sister&#8221; kretsar kring 17-\u00e5riga Fatima, som brottas med inre konflikter n\u00e4r hon som troende muslim uppv\u00e4xt i f\u00f6rorten b\u00f6rjar p\u00e5 universitetet och utforskar sin sexuella identitet.<\/p>\n<p>I rollen som Fatima har Nadia Melitti, talangscoutad p\u00e5 gatan, gjort en sensationell debut. I Cannes vann hon pris f\u00f6r b\u00e4sta kvinnliga sk\u00e5despelare i konkurrens med etablerade namn som Jennifer Lawrence och Renate Reinsve.<\/p>\n<p>\u201dMen det sv\u00e5raste var inte att kliva in i rollen som Fatima\u201d, s\u00e4ger Nadia Melitti n\u00e4r P1 Kulturs Felicia Frithiof f\u00e5r en pratstund med henne. \u201dDet sv\u00e5ra var att kliva ur rollen igen\u201d.<\/p>\n","protected":false},"excerpt":{"rendered":"Franska filmen &#8221;The Little Sister&#8221; kretsar kring 17-\u00e5riga Fatima, som brottas med inre konflikter n\u00e4r hon som troende&hellip;\n","protected":false},"author":2,"featured_media":130743,"comment_status":"","ping_status":"","sticky":false,"template":"","format":"standard","meta":{"footnotes":""},"categories":[67],"tags":[900,104,903,902,2405,194,2410,898,2403,2404,2402,2406,1082,2407,787,2408,2409,171,34,31,33,32,30,105],"class_list":{"0":"post-130742","1":"post","2":"type-post","3":"status-publish","4":"format-standard","5":"has-post-thumbnail","7":"category-underhallning","8":"tag-bcker","9":"tag-entertainment","10":"tag-film","11":"tag-konst","12":"tag-kritik","13":"tag-kultur","14":"tag-kulturdokumentr","15":"tag-kulturnyheter","16":"tag-kulturprogram","17":"tag-kulturradio","18":"tag-kulturradion","19":"tag-kulturreportage","20":"tag-litteratur","21":"tag-lyrik","22":"tag-lyssna","23":"tag-poesi","24":"tag-populrkultur","25":"tag-radio","26":"tag-se","27":"tag-svenska","28":"tag-sverige","29":"tag-sweden","30":"tag-swedish","31":"tag-underhallning"},"share_on_mastodon":{"url":"https:\/\/pubeurope.com\/@se\/115865616628078699","error":""},"_links":{"self":[{"href":"https:\/\/www.europesays.com\/se\/wp-json\/wp\/v2\/posts\/130742","targetHints":{"allow":["GET"]}}],"collection":[{"href":"https:\/\/www.europesays.com\/se\/wp-json\/wp\/v2\/posts"}],"about":[{"href":"https:\/\/www.europesays.com\/se\/wp-json\/wp\/v2\/types\/post"}],"author":[{"embeddable":true,"href":"https:\/\/www.europesays.com\/se\/wp-json\/wp\/v2\/users\/2"}],"replies":[{"embeddable":true,"href":"https:\/\/www.europesays.com\/se\/wp-json\/wp\/v2\/comments?post=130742"}],"version-history":[{"count":0,"href":"https:\/\/www.europesays.com\/se\/wp-json\/wp\/v2\/posts\/130742\/revisions"}],"wp:featuredmedia":[{"embeddable":true,"href":"https:\/\/www.europesays.com\/se\/wp-json\/wp\/v2\/media\/130743"}],"wp:attachment":[{"href":"https:\/\/www.europesays.com\/se\/wp-json\/wp\/v2\/media?parent=130742"}],"wp:term":[{"taxonomy":"category","embeddable":true,"href":"https:\/\/www.europesays.com\/se\/wp-json\/wp\/v2\/categories?post=130742"},{"taxonomy":"post_tag","embeddable":true,"href":"https:\/\/www.europesays.com\/se\/wp-json\/wp\/v2\/tags?post=130742"}],"curies":[{"name":"wp","href":"https:\/\/api.w.org\/{rel}","templated":true}]}}