{"id":130744,"date":"2026-01-09T14:29:08","date_gmt":"2026-01-09T14:29:08","guid":{"rendered":"https:\/\/www.europesays.com\/se\/130744\/"},"modified":"2026-01-09T14:29:08","modified_gmt":"2026-01-09T14:29:08","slug":"geforce-rtx-50-super-serien-sags-ha-lagts-pa-is","status":"publish","type":"post","link":"https:\/\/www.europesays.com\/se\/130744\/","title":{"rendered":"Geforce RTX 50 Super-serien s\u00e4gs ha lagts p\u00e5 is"},"content":{"rendered":"<p><strong>Nvidia s\u00e4gs ha kontaktat partnertillverkare och n\u00e4mnt att planerna f\u00f6r Geforce RTX 50 Super-serien har \u00e4ndrats och de nya korten ska ha f\u00f6rsenats p\u00e5 obest\u00e4md tid.<\/strong><\/p>\n<p>Nvidia har under en l\u00e4ngre tid ryktats f\u00f6rbereda tre nya grafikkort som ett slags mellanstopp innan det \u00e4r dags f\u00f6r RTX 60-serien och n\u00e4sta grafikarkitektur att lanseras. Dessa tre modeller s\u00e4gs vara RTX 5070 Super, RTX 5070 Ti Super och RTX 5080. Dessa tros komma med mer videominne och sn\u00e4ppet h\u00f6gre klockfrekvenser \u00e4n originalmodellerna.<\/p>\n<p>Nu menar dock ett nytt rykte att de tre grafikkorten f\u00f6rsenats p\u00e5 obest\u00e4md tid. Detta d\u00e5 efterfr\u00e5gan p\u00e5 ber\u00e4kningskort \u00f6kar och den r\u00e5dande minnesbristen. D\u00e5 det finns mer pengar f\u00f6r Nvidia att h\u00e4mta hem p\u00e5 den marknaden ska man allts\u00e5 ha valt att l\u00e5ta konsumenterna v\u00e4nta p\u00e5 nya grafikkort medans man tar vara p\u00e5 AI-hysterin.<\/p>\n<p>En annan bidragande faktor ska vara att AMD inte har n\u00e5gon ny generation av grafikkort som planeras lanseras under 2026. Nvidia k\u00e4nner d\u00e5 att man inte beh\u00f6ver sj\u00f6s\u00e4tta n\u00e5gra nya modeller som svar och att RTX 50-serien r\u00e4cker gott och v\u00e4l f\u00f6r att cementera Nvidias plats som marknadsledare.<\/p>\n<p>Huruvida ryktet faktiskt st\u00e4mmer \u00e5terst\u00e5r att se. M\u00e5nga hade f\u00f6rv\u00e4ntat sig att Nvidia skulle avt\u00e4cka Geforce RTX 50 Super-serien vid CES 2026. N\u00e5got som inte blev av. RTX 60-serien tros landa n\u00e5gon g\u00e5ng under mitten till slutet av 2027. Nvidia har allts\u00e5 tid p\u00e5 sig att sj\u00f6s\u00e4tta RTX 50 Super-serien men just nu finns det inga tecken p\u00e5 att den snart kommer landa.<\/p>\n","protected":false},"excerpt":{"rendered":"Nvidia s\u00e4gs ha kontaktat partnertillverkare och n\u00e4mnt att planerna f\u00f6r Geforce RTX 50 Super-serien har \u00e4ndrats och de&hellip;\n","protected":false},"author":2,"featured_media":130745,"comment_status":"","ping_status":"","sticky":false,"template":"","format":"standard","meta":{"footnotes":""},"categories":[66],"tags":[80,78,79,34,31,33,32,30,81,84,83,82],"class_list":{"0":"post-130744","1":"post","2":"type-post","3":"status-publish","4":"format-standard","5":"has-post-thumbnail","7":"category-vetenskap-och-teknik","8":"tag-science","9":"tag-science-and-technology","10":"tag-scienceandtechnology","11":"tag-se","12":"tag-svenska","13":"tag-sverige","14":"tag-sweden","15":"tag-swedish","16":"tag-technology","17":"tag-teknik","18":"tag-vetenskap","19":"tag-vetenskapteknik"},"share_on_mastodon":{"url":"https:\/\/pubeurope.com\/@se\/115865620647865635","error":""},"_links":{"self":[{"href":"https:\/\/www.europesays.com\/se\/wp-json\/wp\/v2\/posts\/130744","targetHints":{"allow":["GET"]}}],"collection":[{"href":"https:\/\/www.europesays.com\/se\/wp-json\/wp\/v2\/posts"}],"about":[{"href":"https:\/\/www.europesays.com\/se\/wp-json\/wp\/v2\/types\/post"}],"author":[{"embeddable":true,"href":"https:\/\/www.europesays.com\/se\/wp-json\/wp\/v2\/users\/2"}],"replies":[{"embeddable":true,"href":"https:\/\/www.europesays.com\/se\/wp-json\/wp\/v2\/comments?post=130744"}],"version-history":[{"count":0,"href":"https:\/\/www.europesays.com\/se\/wp-json\/wp\/v2\/posts\/130744\/revisions"}],"wp:featuredmedia":[{"embeddable":true,"href":"https:\/\/www.europesays.com\/se\/wp-json\/wp\/v2\/media\/130745"}],"wp:attachment":[{"href":"https:\/\/www.europesays.com\/se\/wp-json\/wp\/v2\/media?parent=130744"}],"wp:term":[{"taxonomy":"category","embeddable":true,"href":"https:\/\/www.europesays.com\/se\/wp-json\/wp\/v2\/categories?post=130744"},{"taxonomy":"post_tag","embeddable":true,"href":"https:\/\/www.europesays.com\/se\/wp-json\/wp\/v2\/tags?post=130744"}],"curies":[{"name":"wp","href":"https:\/\/api.w.org\/{rel}","templated":true}]}}