{"id":130746,"date":"2026-01-09T14:30:09","date_gmt":"2026-01-09T14:30:09","guid":{"rendered":"https:\/\/www.europesays.com\/se\/130746\/"},"modified":"2026-01-09T14:30:09","modified_gmt":"2026-01-09T14:30:09","slug":"senior-uppdragsledande-arkitekt-inom-hospitality-arkitekten-se","status":"publish","type":"post","link":"https:\/\/www.europesays.com\/se\/130746\/","title":{"rendered":"Senior uppdragsledande arkitekt inom hospitality \u2013 Arkitekten.se"},"content":{"rendered":"<p><strong>Jobbeskrivning<\/strong><\/p>\n<p>N\u00e5gra av Nordens mest v\u00e4lrenommerade arkitekter och designers g\u00e5r nu samman f\u00f6r att bilda en internationell verksamhet \u2013 AFRY Architects. Vi \u00e4r fler \u00e4n 500 arkitekter och designers som erbjuder en bred palett av designexpertis \u2013 interi\u00f6r och exteri\u00f6r arkitektur f\u00f6r industriella, offentliga och privata fastigheter, infrastruktur, stadsutveckling, landskapsarkitektur, akustik och \u00e4ven ljus-, ljud- och produktdesign.<\/p>\n<p>Nu s\u00f6ker vi en senior uppdragsledande arkitekt med h\u00f6g kreativ niv\u00e5 och stark aff\u00e4rsf\u00f6rst\u00e5else till v\u00e5r Stockholmsverksamhet. Du kommer att arbeta med identitetsstarka kunder inom hospitality, retail och kontor, d\u00e4r arkitekturen \u00e4r en central del av varum\u00e4rkesupplevelsen.<\/p>\n<p>I rollen som uppdragsledande arkitekt har du ett helhetsansvar fr\u00e5n id\u00e9 och koncept till kundrelation och aff\u00e4r. Som strategisk r\u00e5dgivare driver du projekt, bygger relationer och skapar nya aff\u00e4rsm\u00f6jligheter. Tj\u00e4nsten \u00e4r placerad i Stockholm.<\/p>\n<p><strong>Kvalifikationer<\/strong><\/p>\n<p>Vi s\u00f6ker dig som<\/p>\n<ul>\n<li>Har en examen inom arkitektur och minst 15 \u00e5rs relevant arbetslivserfarenhet<\/li>\n<li>\u00c4r aff\u00e4rsdriven och van att arbeta n\u00e4ra kund och beslutsfattare<\/li>\n<li>Har ett etablerat n\u00e4tverk och trivs i en s\u00e4ljande roll<\/li>\n<li>Har mycket h\u00f6g gestaltningsm\u00e4ssig och kreativ niv\u00e5<\/li>\n<li>Har l\u00e5ng erfarenhet av komplexa projekt inom hospitality, retail och\/eller kontor och \u00e4r trygg i att leda i m\u00f6tet mellan kreativ id\u00e9 och teknisk expertis<\/li>\n<\/ul>\n<p>Vi erbjuder<\/p>\n<ul>\n<li>En nyckelroll med stor frihet och verkligt inflytande<\/li>\n<li>Profilerade uppdrag f\u00f6r starka varum\u00e4rken<\/li>\n<li>En ambiti\u00f6s och engagerad milj\u00f6 d\u00e4r arkitektur, design och aff\u00e4r samverkar<\/li>\n<\/ul>\n<p><strong>F\u00f6retagsbeskrivning<\/strong><\/p>\n<p>AFRY erbjuder tj\u00e4nster inom teknik, design, digitalisering och r\u00e5dgivning. Vi \u00e4r dedikerade experter inom industri, energi och infrastruktur och skapar v\u00e4rde f\u00f6r kommande generationer. AFRY har nordiska r\u00f6tter med global r\u00e4ckvidd.V\u00e5ra gemensamma principer \u2013\u00a0Result\u00a0driven,\u00a0Client\u00a0centric,\u00a0Empowering\u00a0och\u00a0Accountable\u00a0\u2013 v\u00e4gleder oss i hur vi arbetar, utvecklas och lyckas tillsammans.\u00a0Var med och accelerera \u00f6verg\u00e5ngen till ett h\u00e5llbart samh\u00e4lle.<\/p>\n<p><strong>Ytterligare information<\/strong><\/p>\n<p>L\u00e5ter detta som n\u00e4sta steg i din karri\u00e4r? V\u00e4lkommen med din ans\u00f6kan!\u00a0<\/p>\n<p>Ans\u00f6kan skickas in via <a href=\"https:\/\/jobs.smartrecruiters.com\/oneclick-ui\/company\/AFRY\/publication\/5c20f69f-8c6f-438a-aedf-ba55dff065d0?dcr_ci=AFRY\" rel=\"nofollow noopener\" target=\"_blank\">L\u00c4NK<\/a><\/p>\n<p>Sista ans\u00f6kningsdag \u00e4r 2026-02-16. Urval sker l\u00f6pande och tj\u00e4nsten kan tills\u00e4ttas innan sista ans\u00f6kningsdag.<\/p>\n<p>Kontaktperson f\u00f6r fr\u00e5gor:<br \/>Jon S\u00f6berg Grape, tf. Service Area Manager<br \/><a href=\"https:\/\/arkitekten.se\/platsannonser\/senior-uppdragsledande-arkitekt-inom-hospitality\/mailto:jon.soberg@koncept.se\" rel=\"nofollow noopener\" target=\"_blank\">jon.soberg@koncept.se<br \/><\/a>010-505 34 23<\/p>\n<p>Vi undanber oss direktkontakt med bemannings- och rekryteringsf\u00f6retag samt s\u00e4ljare av ytterligare jobbannonser.<\/p>\n<p>P\u00e5 AFRY driver vi f\u00f6r\u00e4ndring i allt vi g\u00f6r. Vi anser att f\u00f6r\u00e4ndring sker n\u00e4r modiga id\u00e9er m\u00f6ts, n\u00e4r vi samarbetar, skapar innovation och omfamnar kreativa l\u00f6sningar, det \u00e4r s\u00e5 vi skapar framtiden. Vi s\u00f6ker konstant kvalificerade kandidater som vill ansluta sig till v\u00e5ra inkluderande \u00a0team runt om i v\u00e4rlden. Bli en del av oss och p\u00e5skynda den gr\u00f6na omst\u00e4llningen<\/p>\n","protected":false},"excerpt":{"rendered":"Jobbeskrivning N\u00e5gra av Nordens mest v\u00e4lrenommerade arkitekter och designers g\u00e5r nu samman f\u00f6r att bilda en internationell verksamhet&hellip;\n","protected":false},"author":2,"featured_media":130747,"comment_status":"","ping_status":"","sticky":false,"template":"","format":"standard","meta":{"footnotes":""},"categories":[65],"tags":[72,70,71,34,31,33,32,30],"class_list":{"0":"post-130746","1":"post","2":"type-post","3":"status-publish","4":"format-standard","5":"has-post-thumbnail","7":"category-ekonomi","8":"tag-business","9":"tag-economy","10":"tag-ekonomi","11":"tag-se","12":"tag-svenska","13":"tag-sverige","14":"tag-sweden","15":"tag-swedish"},"share_on_mastodon":{"url":"https:\/\/pubeurope.com\/@se\/115865624502958213","error":""},"_links":{"self":[{"href":"https:\/\/www.europesays.com\/se\/wp-json\/wp\/v2\/posts\/130746","targetHints":{"allow":["GET"]}}],"collection":[{"href":"https:\/\/www.europesays.com\/se\/wp-json\/wp\/v2\/posts"}],"about":[{"href":"https:\/\/www.europesays.com\/se\/wp-json\/wp\/v2\/types\/post"}],"author":[{"embeddable":true,"href":"https:\/\/www.europesays.com\/se\/wp-json\/wp\/v2\/users\/2"}],"replies":[{"embeddable":true,"href":"https:\/\/www.europesays.com\/se\/wp-json\/wp\/v2\/comments?post=130746"}],"version-history":[{"count":0,"href":"https:\/\/www.europesays.com\/se\/wp-json\/wp\/v2\/posts\/130746\/revisions"}],"wp:featuredmedia":[{"embeddable":true,"href":"https:\/\/www.europesays.com\/se\/wp-json\/wp\/v2\/media\/130747"}],"wp:attachment":[{"href":"https:\/\/www.europesays.com\/se\/wp-json\/wp\/v2\/media?parent=130746"}],"wp:term":[{"taxonomy":"category","embeddable":true,"href":"https:\/\/www.europesays.com\/se\/wp-json\/wp\/v2\/categories?post=130746"},{"taxonomy":"post_tag","embeddable":true,"href":"https:\/\/www.europesays.com\/se\/wp-json\/wp\/v2\/tags?post=130746"}],"curies":[{"name":"wp","href":"https:\/\/api.w.org\/{rel}","templated":true}]}}