{"id":130748,"date":"2026-01-09T14:31:32","date_gmt":"2026-01-09T14:31:32","guid":{"rendered":"https:\/\/www.europesays.com\/se\/130748\/"},"modified":"2026-01-09T14:31:32","modified_gmt":"2026-01-09T14:31:32","slug":"usa-lamnar-66-internationella-organ-kvartal","status":"publish","type":"post","link":"https:\/\/www.europesays.com\/se\/130748\/","title":{"rendered":"USA l\u00e4mnar 66 internationella organ \u2013 Kvartal"},"content":{"rendered":"<p class=\"text-[17px] sm:text-[18px] leading-[1.5] font-cambon text-text-default-tertiary\">President Donald Trump beordrar USA att l\u00e4mna 66 internationella organisationer, d\u00e4ribland flera klimatorgan och ett FN-kontor som hade Margot Wallstr\u00f6m (S) som f\u00f6rsta chef.<\/p>\n<p class=\"text-[17px] sm:text-[18px] leading-[1.5] font-cambon text-text-default-tertiary\">\u2013 Vi kommer att sluta subventionera globalistiska byr\u00e5krater som agerar mot v\u00e5ra intressen, skriver utrikesminister Marco Rubio p\u00e5 X. <\/p>\n<p class=\"text-[17px] sm:text-[18px] leading-[1.5] font-cambon text-text-default-tertiary\">\u2013 Nu hamnar de bland skurkstaterna, s\u00e4ger Margot Wallstr\u00f6m. <\/p>\n","protected":false},"excerpt":{"rendered":"President Donald Trump beordrar USA att l\u00e4mna 66 internationella organisationer, d\u00e4ribland flera klimatorgan och ett FN-kontor som hade&hellip;\n","protected":false},"author":2,"featured_media":130749,"comment_status":"","ping_status":"","sticky":false,"template":"","format":"standard","meta":{"footnotes":""},"categories":[14],"tags":[22,23,26,27,2150,17,21,622,24,25,28,29,15,16,18,34,31,33,32,30,19,20,1024,74,51,52,53,54],"class_list":{"0":"post-130748","1":"post","2":"type-post","3":"status-publish","4":"format-standard","5":"has-post-thumbnail","7":"category-varlden","8":"tag-breaking-news","9":"tag-breakingnews","10":"tag-featured-news","11":"tag-featurednews","12":"tag-fn","13":"tag-headlines","14":"tag-huvudnyheter","15":"tag-klimat","16":"tag-latest-news","17":"tag-latestnews","18":"tag-main-news","19":"tag-mainnews","20":"tag-news","21":"tag-nyheter","22":"tag-rubriker","23":"tag-se","24":"tag-svenska","25":"tag-sverige","26":"tag-sweden","27":"tag-swedish","28":"tag-top-stories","29":"tag-topstories","30":"tag-trump","31":"tag-usa","32":"tag-varlden","33":"tag-world","34":"tag-world-news","35":"tag-worldnews"},"share_on_mastodon":{"url":"https:\/\/pubeurope.com\/@se\/115865628408946924","error":""},"_links":{"self":[{"href":"https:\/\/www.europesays.com\/se\/wp-json\/wp\/v2\/posts\/130748","targetHints":{"allow":["GET"]}}],"collection":[{"href":"https:\/\/www.europesays.com\/se\/wp-json\/wp\/v2\/posts"}],"about":[{"href":"https:\/\/www.europesays.com\/se\/wp-json\/wp\/v2\/types\/post"}],"author":[{"embeddable":true,"href":"https:\/\/www.europesays.com\/se\/wp-json\/wp\/v2\/users\/2"}],"replies":[{"embeddable":true,"href":"https:\/\/www.europesays.com\/se\/wp-json\/wp\/v2\/comments?post=130748"}],"version-history":[{"count":0,"href":"https:\/\/www.europesays.com\/se\/wp-json\/wp\/v2\/posts\/130748\/revisions"}],"wp:featuredmedia":[{"embeddable":true,"href":"https:\/\/www.europesays.com\/se\/wp-json\/wp\/v2\/media\/130749"}],"wp:attachment":[{"href":"https:\/\/www.europesays.com\/se\/wp-json\/wp\/v2\/media?parent=130748"}],"wp:term":[{"taxonomy":"category","embeddable":true,"href":"https:\/\/www.europesays.com\/se\/wp-json\/wp\/v2\/categories?post=130748"},{"taxonomy":"post_tag","embeddable":true,"href":"https:\/\/www.europesays.com\/se\/wp-json\/wp\/v2\/tags?post=130748"}],"curies":[{"name":"wp","href":"https:\/\/api.w.org\/{rel}","templated":true}]}}