{"id":130750,"date":"2026-01-09T14:32:09","date_gmt":"2026-01-09T14:32:09","guid":{"rendered":"https:\/\/www.europesays.com\/se\/130750\/"},"modified":"2026-01-09T14:32:09","modified_gmt":"2026-01-09T14:32:09","slug":"sparen-efter-misstankta-spionen-leder-till-fra-jobbade-pa-forsvarsmakten","status":"publish","type":"post","link":"https:\/\/www.europesays.com\/se\/130750\/","title":{"rendered":"Sp\u00e5ren efter misst\u00e4nkta spionen leder till FRA \u2022 Jobbade p\u00e5 F\u00f6rsvarsmakten."},"content":{"rendered":"<p>SvD:s kartl\u00e4ggning av den misst\u00e4nkte mannen visar tv\u00e5 olika sidor. Dels en sofistikerad it-specialist \u2013 dels en person med koppling till konspirationsteorier om svenska myndigheter.<\/p>\n<p>Den 33-\u00e5riga mannen greps av S\u00e4kerhetspolisen i s\u00f6ndags och h\u00e4ktades p\u00e5 sannolika sk\u00e4l misst\u00e4nkt f\u00f6r spioneri p\u00e5 onsdagen. Enligt lagboken inneb\u00e4r rubriceringen att det funnits en avsikt om att r\u00f6ja hemligheter eller f\u00f6ra dem vidare till fr\u00e4mmande makt.<\/p>\n","protected":false},"excerpt":{"rendered":"SvD:s kartl\u00e4ggning av den misst\u00e4nkte mannen visar tv\u00e5 olika sidor. Dels en sofistikerad it-specialist \u2013 dels en person&hellip;\n","protected":false},"author":2,"featured_media":130751,"comment_status":"","ping_status":"","sticky":false,"template":"","format":"standard","meta":{"footnotes":""},"categories":[12],"tags":[22,23,26,27,17,21,24,25,28,29,15,16,18,34,31,33,32,30,19,20],"class_list":{"0":"post-130750","1":"post","2":"type-post","3":"status-publish","4":"format-standard","5":"has-post-thumbnail","7":"category-sverige","8":"tag-breaking-news","9":"tag-breakingnews","10":"tag-featured-news","11":"tag-featurednews","12":"tag-headlines","13":"tag-huvudnyheter","14":"tag-latest-news","15":"tag-latestnews","16":"tag-main-news","17":"tag-mainnews","18":"tag-news","19":"tag-nyheter","20":"tag-rubriker","21":"tag-se","22":"tag-svenska","23":"tag-sverige","24":"tag-sweden","25":"tag-swedish","26":"tag-top-stories","27":"tag-topstories"},"share_on_mastodon":{"url":"https:\/\/pubeurope.com\/@se\/115865632356277014","error":""},"_links":{"self":[{"href":"https:\/\/www.europesays.com\/se\/wp-json\/wp\/v2\/posts\/130750","targetHints":{"allow":["GET"]}}],"collection":[{"href":"https:\/\/www.europesays.com\/se\/wp-json\/wp\/v2\/posts"}],"about":[{"href":"https:\/\/www.europesays.com\/se\/wp-json\/wp\/v2\/types\/post"}],"author":[{"embeddable":true,"href":"https:\/\/www.europesays.com\/se\/wp-json\/wp\/v2\/users\/2"}],"replies":[{"embeddable":true,"href":"https:\/\/www.europesays.com\/se\/wp-json\/wp\/v2\/comments?post=130750"}],"version-history":[{"count":0,"href":"https:\/\/www.europesays.com\/se\/wp-json\/wp\/v2\/posts\/130750\/revisions"}],"wp:featuredmedia":[{"embeddable":true,"href":"https:\/\/www.europesays.com\/se\/wp-json\/wp\/v2\/media\/130751"}],"wp:attachment":[{"href":"https:\/\/www.europesays.com\/se\/wp-json\/wp\/v2\/media?parent=130750"}],"wp:term":[{"taxonomy":"category","embeddable":true,"href":"https:\/\/www.europesays.com\/se\/wp-json\/wp\/v2\/categories?post=130750"},{"taxonomy":"post_tag","embeddable":true,"href":"https:\/\/www.europesays.com\/se\/wp-json\/wp\/v2\/tags?post=130750"}],"curies":[{"name":"wp","href":"https:\/\/api.w.org\/{rel}","templated":true}]}}