{"id":130758,"date":"2026-01-09T14:37:17","date_gmt":"2026-01-09T14:37:17","guid":{"rendered":"https:\/\/www.europesays.com\/se\/130758\/"},"modified":"2026-01-09T14:37:17","modified_gmt":"2026-01-09T14:37:17","slug":"motorola-vill-utmana-samsung-och-apple-med-billigare-toppmodell","status":"publish","type":"post","link":"https:\/\/www.europesays.com\/se\/130758\/","title":{"rendered":"Motorola vill utmana Samsung och Apple med billigare toppmodell"},"content":{"rendered":"<p class=\"first_para\">Motorola har p\u00e5 Lenovo Tech World 2026 presenterat Motorola Signature, den f\u00f6rsta mobiltelefonen i en ny serie toppmodeller fr\u00e5n den kinesisk-amerikanska tillverkaren. Mobiltelefonen levereras med upp till sju \u00e5rs Android- och s\u00e4kerhetsuppdateringar \u2013 precis lika l\u00e4nge som Samsung lovar att uppdatera sina Galaxy S-modeller, och l\u00e4ngre \u00e4n Apple normalt h\u00e5ller sina iPhones uppdaterade.<\/p>\n<p>Slank design, stort batteri<\/p>\n<p>Motorola har lyckats f\u00e5 plats med ett 5 200 mAh-batteri i Signature, vilket \u00e4r i paritet med <a href=\"https:\/\/www.ljudochbild.se\/test\/mobil\/samsung-galaxy-s25-ultra\/\" rel=\"nofollow noopener\" target=\"_blank\">Samsung Galaxy S25 Ultra<\/a>. Batteriet anv\u00e4nder silicium-kol-teknologi, vilket g\u00f6r det m\u00f6jligt att packa mer kapacitet p\u00e5 mindre utrymme. Laddningen sker med upp till 90 watt via kabel eller 50 watt tr\u00e5dl\u00f6st, s\u00e5 en snabb laddning p\u00e5 morgonen b\u00f6r r\u00e4dda dagen om man gl\u00f6mt att koppla in telefonen under natten.<\/p>\n<p>Sk\u00e4rm och processor<\/p>\n<p>Telefonen har en 6,8-tums AMOLED-sk\u00e4rm med Dolby Vision-st\u00f6d, en uppdateringsfrekvens p\u00e5 165 Hz och en maximal ljusstyrka p\u00e5 otroliga 6 200 nits! Under sk\u00e4rmen finns Qualcomms senaste Snapdragon 8 Gen 5-processor, tillverkad med 3 nm-teknologi. Ljudet kommer fr\u00e5n h\u00f6gtalare som utvecklats i samarbete med Bose och st\u00f6der Dolby Atmos.<\/p>\n<p><img fetchpriority=\"high\" decoding=\"async\" class=\"size-full wp-image-489210\" src=\"https:\/\/www.europesays.com\/se\/wp-content\/uploads\/2026\/01\/motorola-signature-MARTINI-OLIVE.jpg\" alt=\"Motorola Signature\" width=\"1920\" height=\"1920\" title=\"Motorola vill utmana Samsung och Apple med billigare toppmodell 1\"\/>(Foto: Motorola)<br \/>\nFyra kameror<\/p>\n<p>P\u00e5 baksidan finns fyra kameror, alla med en uppl\u00f6sning p\u00e5 50 Mp. Konfigurationen inkluderar en Sony LYTIA-huvudkamera (f\/1,6), en 122\u00b0 ultravidvinkel (f\/2,0) och ett Sony LYTIA 600-telobjektiv med 3x optisk zoom och 100x s\u00e5 kallad \u201dSuper Zoom\u201d.<\/p>\n<p>Vikbar p\u00e5 v\u00e4g<\/p>\n<p>F\u00f6rutom Motorola Signature har mobiltelefontillverkaren \u00e4ven den vikbara Razr Fold p\u00e5 g\u00e5ng. Det \u00e4r Motorolas f\u00f6rsta stora vikbara mobiltelefon med en 8,09 tums inv\u00e4ndig sk\u00e4rm. Den kommer till Norden vid ett senare tillf\u00e4lle, enligt Motorola.<\/p>\n<p>L\u00e4s ocks\u00e5<\/p>\n<p><a style=\"text-decoration:none;font-size:21px;font-family:outfit;font-weight:600;color:#000;display:inline-block;width:100%;margin-bottom:10px;\" href=\"https:\/\/www.ljudochbild.se\/test\/mobil\/motorola-edge-70\/\" rel=\"nofollow noopener\" target=\"_blank\">TEST: Motorola Edge 70<\/a><\/p>\n<p>Motorola ger Apple och Samsung en match med en tunn mobil utan alltf\u00f6r stora kompromisser.<\/p>\n<p>Pris och tillg\u00e4nglighet<\/p>\n<p>Motorola Signature kommer att finnas i butik i slutet av februari till ett rekommenderat pris p\u00e5 11 999 kronor.<\/p>\n<p>    <a href=\"https:\/\/www.ljudochbild.se\/author\/peter-gotschalklydogbillede-dk\/\" rel=\"nofollow noopener\" target=\"_blank\"><br \/>\n        <img decoding=\"async\" style=\"border-radius:50px;width:90px;\" alt=\"Peter Gotschalk\" src=\"https:\/\/www.europesays.com\/se\/wp-content\/uploads\/2025\/08\/petergotschalk_small.jpg\"\/> <\/a>   <\/p>\n<p>\n(f. 1973): Chefredakt\u00f6r L&amp;B Home. Peter har arbetat f\u00f6r Ljud &amp; Bild sedan 2012. Han har varit aktiv som teknikjournalist i m\u00e5nga medier sedan 1998, bland annat som chefredakt\u00f6r f\u00f6r prylmagasinet GEAR och som journalist f\u00f6r tidningarna PC World och Privat Computer. Peter skriver om mobiltelefoner och andra b\u00e4rbara enheter samt om teknisk innovation, inklusive 5G, elektrisk mobilitet och smarta hem.\n<\/p>\n<p>    <a href=\"https:\/\/www.ljudochbild.se\/arets-basta-home-produkter-2025-2026\/\" rel=\"nofollow noopener\" target=\"_blank\"> <img decoding=\"async\" src=\"https:\/\/www.europesays.com\/se\/wp-content\/uploads\/2025\/11\/Svensk-Home-1.png\"\/><\/a><\/p>\n","protected":false},"excerpt":{"rendered":"Motorola har p\u00e5 Lenovo Tech World 2026 presenterat Motorola Signature, den f\u00f6rsta mobiltelefonen i en ny serie toppmodeller&hellip;\n","protected":false},"author":2,"featured_media":130759,"comment_status":"","ping_status":"","sticky":false,"template":"","format":"standard","meta":{"footnotes":""},"categories":[66],"tags":[80,78,79,34,31,33,32,30,81,84,83,82],"class_list":{"0":"post-130758","1":"post","2":"type-post","3":"status-publish","4":"format-standard","5":"has-post-thumbnail","7":"category-vetenskap-och-teknik","8":"tag-science","9":"tag-science-and-technology","10":"tag-scienceandtechnology","11":"tag-se","12":"tag-svenska","13":"tag-sverige","14":"tag-sweden","15":"tag-swedish","16":"tag-technology","17":"tag-teknik","18":"tag-vetenskap","19":"tag-vetenskapteknik"},"share_on_mastodon":{"url":"https:\/\/pubeurope.com\/@se\/115865652052491331","error":""},"_links":{"self":[{"href":"https:\/\/www.europesays.com\/se\/wp-json\/wp\/v2\/posts\/130758","targetHints":{"allow":["GET"]}}],"collection":[{"href":"https:\/\/www.europesays.com\/se\/wp-json\/wp\/v2\/posts"}],"about":[{"href":"https:\/\/www.europesays.com\/se\/wp-json\/wp\/v2\/types\/post"}],"author":[{"embeddable":true,"href":"https:\/\/www.europesays.com\/se\/wp-json\/wp\/v2\/users\/2"}],"replies":[{"embeddable":true,"href":"https:\/\/www.europesays.com\/se\/wp-json\/wp\/v2\/comments?post=130758"}],"version-history":[{"count":0,"href":"https:\/\/www.europesays.com\/se\/wp-json\/wp\/v2\/posts\/130758\/revisions"}],"wp:featuredmedia":[{"embeddable":true,"href":"https:\/\/www.europesays.com\/se\/wp-json\/wp\/v2\/media\/130759"}],"wp:attachment":[{"href":"https:\/\/www.europesays.com\/se\/wp-json\/wp\/v2\/media?parent=130758"}],"wp:term":[{"taxonomy":"category","embeddable":true,"href":"https:\/\/www.europesays.com\/se\/wp-json\/wp\/v2\/categories?post=130758"},{"taxonomy":"post_tag","embeddable":true,"href":"https:\/\/www.europesays.com\/se\/wp-json\/wp\/v2\/tags?post=130758"}],"curies":[{"name":"wp","href":"https:\/\/api.w.org\/{rel}","templated":true}]}}