{"id":130760,"date":"2026-01-09T14:38:18","date_gmt":"2026-01-09T14:38:18","guid":{"rendered":"https:\/\/www.europesays.com\/se\/130760\/"},"modified":"2026-01-09T14:38:18","modified_gmt":"2026-01-09T14:38:18","slug":"ny-fjader-i-hatten-for-anthropic-tecknar-avtal-med-forsakringsjatte","status":"publish","type":"post","link":"https:\/\/www.europesays.com\/se\/130760\/","title":{"rendered":"Ny fj\u00e4der i hatten f\u00f6r Anthropic \u2013 tecknar avtal med f\u00f6rs\u00e4kringsj\u00e4tte"},"content":{"rendered":"<p>AI-f\u00f6retaget Anthropic har tecknat ett omfattande samarbetsavtal med det tyska f\u00f6rs\u00e4kringsbolaget Allianz.<\/p>\n<p>Som en del av avtalet kommer samtliga anst\u00e4llda p\u00e5 Allianz att f\u00e5 tillg\u00e5ng till kodverktyget Claude Code, rapporterar <a href=\"https:\/\/techcrunch.com\/2026\/01\/09\/anthropic-adds-allianz-to-growing-list-of-enterprise-wins\/\" data-type=\"link\" data-id=\"https:\/\/techcrunch.com\/2026\/01\/09\/anthropic-adds-allianz-to-growing-list-of-enterprise-wins\/\" rel=\"nofollow noopener\" target=\"_blank\">Techcrunch<\/a>.<\/p>\n<p>F\u00f6r transparensens skull kommer dessutom ett system som loggar alla interaktioner med Anthropics AI-verktyg att implementeras p\u00e5 Allianz.<\/p>\n","protected":false},"excerpt":{"rendered":"AI-f\u00f6retaget Anthropic har tecknat ett omfattande samarbetsavtal med det tyska f\u00f6rs\u00e4kringsbolaget Allianz. Som en del av avtalet kommer&hellip;\n","protected":false},"author":2,"featured_media":130761,"comment_status":"","ping_status":"","sticky":false,"template":"","format":"standard","meta":{"footnotes":""},"categories":[65],"tags":[72,70,71,34,31,33,32,30],"class_list":{"0":"post-130760","1":"post","2":"type-post","3":"status-publish","4":"format-standard","5":"has-post-thumbnail","7":"category-ekonomi","8":"tag-business","9":"tag-economy","10":"tag-ekonomi","11":"tag-se","12":"tag-svenska","13":"tag-sverige","14":"tag-sweden","15":"tag-swedish"},"share_on_mastodon":{"url":"https:\/\/pubeurope.com\/@se\/115865655882351380","error":""},"_links":{"self":[{"href":"https:\/\/www.europesays.com\/se\/wp-json\/wp\/v2\/posts\/130760","targetHints":{"allow":["GET"]}}],"collection":[{"href":"https:\/\/www.europesays.com\/se\/wp-json\/wp\/v2\/posts"}],"about":[{"href":"https:\/\/www.europesays.com\/se\/wp-json\/wp\/v2\/types\/post"}],"author":[{"embeddable":true,"href":"https:\/\/www.europesays.com\/se\/wp-json\/wp\/v2\/users\/2"}],"replies":[{"embeddable":true,"href":"https:\/\/www.europesays.com\/se\/wp-json\/wp\/v2\/comments?post=130760"}],"version-history":[{"count":0,"href":"https:\/\/www.europesays.com\/se\/wp-json\/wp\/v2\/posts\/130760\/revisions"}],"wp:featuredmedia":[{"embeddable":true,"href":"https:\/\/www.europesays.com\/se\/wp-json\/wp\/v2\/media\/130761"}],"wp:attachment":[{"href":"https:\/\/www.europesays.com\/se\/wp-json\/wp\/v2\/media?parent=130760"}],"wp:term":[{"taxonomy":"category","embeddable":true,"href":"https:\/\/www.europesays.com\/se\/wp-json\/wp\/v2\/categories?post=130760"},{"taxonomy":"post_tag","embeddable":true,"href":"https:\/\/www.europesays.com\/se\/wp-json\/wp\/v2\/tags?post=130760"}],"curies":[{"name":"wp","href":"https:\/\/api.w.org\/{rel}","templated":true}]}}