{"id":130762,"date":"2026-01-09T14:40:09","date_gmt":"2026-01-09T14:40:09","guid":{"rendered":"https:\/\/www.europesays.com\/se\/130762\/"},"modified":"2026-01-09T14:40:09","modified_gmt":"2026-01-09T14:40:09","slug":"tonaringar-atalas-for-ran-pa-skoltoalett-i-uppsala","status":"publish","type":"post","link":"https:\/\/www.europesays.com\/se\/130762\/","title":{"rendered":"Ton\u00e5ringar \u00e5talas f\u00f6r r\u00e5n p\u00e5 skoltoalett i Uppsala"},"content":{"rendered":"<p>Den 15-\u00e5rige pojkens lektion har precis slutat. Det \u00e4r en vanlig skoldag i h\u00f6stas. Han h\u00e4nger i korridoren i v\u00e4ntan p\u00e5 att n\u00e4sta lektion ska b\u00f6rja. I br\u00f6stfickan har han 4\u00a0500 kronor \u2013 pengar han f\u00e5tt f\u00f6r att l\u00e4gga handpenning p\u00e5 en moped. N\u00e5gra minuter senare \u00e4r pengarna borta. \u00a0 \u00a0\u00d6vervakningsfilmer fr\u00e5n skolan visar hur allt b\u00f6rjar i korridoren. Pojken pratar f\u00f6rst <\/p>\n","protected":false},"excerpt":{"rendered":"Den 15-\u00e5rige pojkens lektion har precis slutat. Det \u00e4r en vanlig skoldag i h\u00f6stas. Han h\u00e4nger i korridoren&hellip;\n","protected":false},"author":2,"featured_media":130763,"comment_status":"","ping_status":"","sticky":false,"template":"","format":"standard","meta":{"footnotes":""},"categories":[12],"tags":[22,23,26,27,17,21,24,25,28,29,15,16,18,34,31,33,32,30,19,20],"class_list":{"0":"post-130762","1":"post","2":"type-post","3":"status-publish","4":"format-standard","5":"has-post-thumbnail","7":"category-sverige","8":"tag-breaking-news","9":"tag-breakingnews","10":"tag-featured-news","11":"tag-featurednews","12":"tag-headlines","13":"tag-huvudnyheter","14":"tag-latest-news","15":"tag-latestnews","16":"tag-main-news","17":"tag-mainnews","18":"tag-news","19":"tag-nyheter","20":"tag-rubriker","21":"tag-se","22":"tag-svenska","23":"tag-sverige","24":"tag-sweden","25":"tag-swedish","26":"tag-top-stories","27":"tag-topstories"},"share_on_mastodon":{"url":"https:\/\/pubeurope.com\/@se\/115865663810212236","error":""},"_links":{"self":[{"href":"https:\/\/www.europesays.com\/se\/wp-json\/wp\/v2\/posts\/130762","targetHints":{"allow":["GET"]}}],"collection":[{"href":"https:\/\/www.europesays.com\/se\/wp-json\/wp\/v2\/posts"}],"about":[{"href":"https:\/\/www.europesays.com\/se\/wp-json\/wp\/v2\/types\/post"}],"author":[{"embeddable":true,"href":"https:\/\/www.europesays.com\/se\/wp-json\/wp\/v2\/users\/2"}],"replies":[{"embeddable":true,"href":"https:\/\/www.europesays.com\/se\/wp-json\/wp\/v2\/comments?post=130762"}],"version-history":[{"count":0,"href":"https:\/\/www.europesays.com\/se\/wp-json\/wp\/v2\/posts\/130762\/revisions"}],"wp:featuredmedia":[{"embeddable":true,"href":"https:\/\/www.europesays.com\/se\/wp-json\/wp\/v2\/media\/130763"}],"wp:attachment":[{"href":"https:\/\/www.europesays.com\/se\/wp-json\/wp\/v2\/media?parent=130762"}],"wp:term":[{"taxonomy":"category","embeddable":true,"href":"https:\/\/www.europesays.com\/se\/wp-json\/wp\/v2\/categories?post=130762"},{"taxonomy":"post_tag","embeddable":true,"href":"https:\/\/www.europesays.com\/se\/wp-json\/wp\/v2\/tags?post=130762"}],"curies":[{"name":"wp","href":"https:\/\/api.w.org\/{rel}","templated":true}]}}