{"id":130764,"date":"2026-01-09T14:41:07","date_gmt":"2026-01-09T14:41:07","guid":{"rendered":"https:\/\/www.europesays.com\/se\/130764\/"},"modified":"2026-01-09T14:41:07","modified_gmt":"2026-01-09T14:41:07","slug":"rafflande-klassiska-lopp-nar-smart-energy-cup-fortsatte-i-falun","status":"publish","type":"post","link":"https:\/\/www.europesays.com\/se\/130764\/","title":{"rendered":"Rafflande klassiska lopp n\u00e4r Smart Energy Cup fortsatte i Falun"},"content":{"rendered":"<p class=\"normal\">Smart Energy Cup fortsatte under fredagen med 10 km klassiskt i Falun. Herrarna var f\u00f6rst ut i sp\u00e5ret och bj\u00f6d p\u00e5 en t\u00e4t uppg\u00f6relse om segern.<\/p>\n<p class=\"normal\">Calle Halfvarsson, som haft en tung inledning p\u00e5 s\u00e4songen, \u00f6ppnade offensivt och tog efter ett par kilometer kommandot i loppet. L\u00e4nge s\u00e5g han ut att g\u00e5 mot segern, men mot slutet fick han motst\u00e5nd fr\u00e5n Leo Johansson. Johansson visade stark avslutning och kunde till slut g\u00e5 f\u00f6rbi och vinna med 5,5 sekunders marginal.<\/p>\n<p class=\"normal\">Bakom t\u00e4tduon var det ocks\u00e5 j\u00e4mnt. Eric Rosj\u00f6, IFK Mora SK, \u00e5kte in som trea, endast 7,9 sekunder bakom segraren. Johan H\u00e4ggstr\u00f6m och Fredrik Andersson, b\u00e5da fr\u00e5n Pite\u00e5 Elit, kompletterade topp fem.<\/p>\n<p>Herrar, 10 km klassiskt<\/p>\n<ol class=\" env-text-list normal\">\n<li>Leo Johansson, Falun Borl\u00e4nge SK, 26.10,0<\/li>\n<li>Calle Halfvarsson, S\u00e5gmyra SK, +5,5<\/li>\n<li>Eric Rosj\u00f6, IFK Mora SK, +7,9<\/li>\n<\/ol>\n<p class=\"normal\">I damernas lopp var Linn Svahn tillbaka i t\u00e4vlingssammanhang efter att senast ha t\u00e4vlat i Davos f\u00f6re jul. Efter att ha missat Tour de Ski och ist\u00e4llet tr\u00e4nat p\u00e5 hemmaplan var hon klar favorit inf\u00f6r start, ett favoritskap hon ocks\u00e5 infriade.<\/p>\n<p class=\"normal\">Svahn h\u00f6ll ett h\u00f6gt tempo hela loppet och tog segern, men blev ordentligt utmanad av Evelina Cr\u00fcsell. Cr\u00fcsell, som bara dagar tidigare avslutade Tour de Ski uppf\u00f6r Alpe Cermis, n\u00e4rmade sig p\u00e5 slutkilometrarna, men Svahn kunde h\u00e5lla undan och vinna med 9,1 sekunder.<\/p>\n<p class=\"normal\">Bakom toppduon stod Tove Ericsson, Hudiksvalls IF, f\u00f6r en stark insats och slutade trea.<\/p>\n<p>Damer, 10 km klassiskt<\/p>\n<ol class=\" env-text-list normal\">\n<li>Linn Svahn, \u00d6stersunds SK, 29.54,0<\/li>\n<li>Evelina Cr\u00fcsell, Skellefte\u00e5 SK, +9,1<\/li>\n<li>Tove Ericsson, Hudiksvalls IF, +1.17,1<\/li>\n<\/ol>\n","protected":false},"excerpt":{"rendered":"Smart Energy Cup fortsatte under fredagen med 10 km klassiskt i Falun. Herrarna var f\u00f6rst ut i sp\u00e5ret&hellip;\n","protected":false},"author":2,"featured_media":130765,"comment_status":"","ping_status":"","sticky":false,"template":"","format":"standard","meta":{"footnotes":""},"categories":[5],"tags":[22,23,26,27,17,21,24,25,28,29,15,16,18,34,31,33,32,30,19,20],"class_list":{"0":"post-130764","1":"post","2":"type-post","3":"status-publish","4":"format-standard","5":"has-post-thumbnail","7":"category-rubriker","8":"tag-breaking-news","9":"tag-breakingnews","10":"tag-featured-news","11":"tag-featurednews","12":"tag-headlines","13":"tag-huvudnyheter","14":"tag-latest-news","15":"tag-latestnews","16":"tag-main-news","17":"tag-mainnews","18":"tag-news","19":"tag-nyheter","20":"tag-rubriker","21":"tag-se","22":"tag-svenska","23":"tag-sverige","24":"tag-sweden","25":"tag-swedish","26":"tag-top-stories","27":"tag-topstories"},"share_on_mastodon":{"url":"https:\/\/pubeurope.com\/@se\/115865667641050271","error":""},"_links":{"self":[{"href":"https:\/\/www.europesays.com\/se\/wp-json\/wp\/v2\/posts\/130764","targetHints":{"allow":["GET"]}}],"collection":[{"href":"https:\/\/www.europesays.com\/se\/wp-json\/wp\/v2\/posts"}],"about":[{"href":"https:\/\/www.europesays.com\/se\/wp-json\/wp\/v2\/types\/post"}],"author":[{"embeddable":true,"href":"https:\/\/www.europesays.com\/se\/wp-json\/wp\/v2\/users\/2"}],"replies":[{"embeddable":true,"href":"https:\/\/www.europesays.com\/se\/wp-json\/wp\/v2\/comments?post=130764"}],"version-history":[{"count":0,"href":"https:\/\/www.europesays.com\/se\/wp-json\/wp\/v2\/posts\/130764\/revisions"}],"wp:featuredmedia":[{"embeddable":true,"href":"https:\/\/www.europesays.com\/se\/wp-json\/wp\/v2\/media\/130765"}],"wp:attachment":[{"href":"https:\/\/www.europesays.com\/se\/wp-json\/wp\/v2\/media?parent=130764"}],"wp:term":[{"taxonomy":"category","embeddable":true,"href":"https:\/\/www.europesays.com\/se\/wp-json\/wp\/v2\/categories?post=130764"},{"taxonomy":"post_tag","embeddable":true,"href":"https:\/\/www.europesays.com\/se\/wp-json\/wp\/v2\/tags?post=130764"}],"curies":[{"name":"wp","href":"https:\/\/api.w.org\/{rel}","templated":true}]}}