{"id":130771,"date":"2026-01-09T14:49:08","date_gmt":"2026-01-09T14:49:08","guid":{"rendered":"https:\/\/www.europesays.com\/se\/130771\/"},"modified":"2026-01-09T14:49:08","modified_gmt":"2026-01-09T14:49:08","slug":"sveriges-larare-missnojda-med-utredning-om-vinst-i-skolan","status":"publish","type":"post","link":"https:\/\/www.europesays.com\/se\/130771\/","title":{"rendered":"Sveriges l\u00e4rare missn\u00f6jda med utredning om vinst i skolan"},"content":{"rendered":"<p>Vinster i v\u00e4lf\u00e4rden  <strong>Friskoleakt\u00f6rer som misssk\u00f6ter sig ska inte f\u00e5 ut\u00f6ka eller starta ny verksamhet. Det f\u00f6resl\u00e5r en utredning om vinst i skolan som i dag \u00f6verl\u00e4mnades till regeringen. Men fackf\u00f6rbundet Sveriges l\u00e4rare hade velat att utredningen skulle ha g\u00e5tt l\u00e4ngre i fr\u00e5gan om vinstf\u00f6rbud. Arbetsgivarorganisationen Almega Utbildning menar \u00e5 sin sida att utredningens f\u00f6rslag riskerar att drabba v\u00e4lfungerande skolor.<\/strong><\/p>\n<p>I dag fredag \u00f6verl\u00e4mnade regeringens utredare Joakim Stymne sitt slutbet\u00e4nkande i utredningen om vinst i skolan till utbildningsminister Simona Mohamsson (L)\u00a0under en presstr\u00e4ff. Som framkom i delbet\u00e4nkandet <a href=\"https:\/\/www.dagensarena.se\/innehall\/friskolors-mojlighet-att-dela-ut-vinst-ska-begransas\/\" rel=\"nofollow noopener\" target=\"_blank\">\u201dSk\u00e4rpta villkor f\u00f6r friskolesektorn\u201d<\/a>, vilket presenterades i v\u00e5ras, blir det inget totalf\u00f6rbud mot vinst i skolan.\u00a0 Utredaren f\u00f6resl\u00e5r dock att friskoleakt\u00f6rer som missk\u00f6ter sig inte ska f\u00e5 ut\u00f6ka eller starta ny verksamhet.\u00a0<\/p>\n<p>\u2013 Med de h\u00e4r f\u00f6rslagen kommer det fortsatt att kunna finnas en m\u00e5ngfald av huvudm\u00e4n som vill driva skolverksamhet. Det kommer allts\u00e5 att finnas en fortsatt livaktig friskolesektor. Men samtidigt blir det betydligt mindre attraktivt f\u00f6r akt\u00f6rer som inte f\u00f6rm\u00e5r driva skola eller som f\u00f6rs\u00f6ker g\u00f6ra vinster genom att g\u00f6ra avkall p\u00e5 kvaliteten, sa Stymne p\u00e5 presstr\u00e4ffen.<\/p>\n<p><strong>Almega Utbildning kritiska<\/strong><\/p>\n<p>Fackf\u00f6rbundet Sveriges l\u00e4rare hade dock velat att utredningen skulle g\u00e5tt l\u00e4ngre n\u00e4r det g\u00e4ller att f\u00f6rbjuda vinst i skolan.\u00a0<\/p>\n<p>-F\u00f6rslagen \u00e4r i r\u00e4tt riktning. Men det \u00e4r inte en renovering av bara friskolesystemet som beh\u00f6vs utan av hela det svenska skolv\u00e4sendet. Det r\u00e4cker inte med att bara t\u00e4ppa igen h\u00e5l och brister utan marknadsskolan m\u00e5ste avskaffas. De resurser som avs\u00e4tts till skolan ska g\u00e5 till eleverna och inte till aktie\u00e4gare, s\u00e4ger Anna Olskog, f\u00f6rbundsordf\u00f6rande f\u00f6r Sveriges L\u00e4rare i en kommentar.\u00a0<\/p>\n<p><img decoding=\"async\" loading=\"lazy\" class=\"wp-image-413787 size-full\" src=\"https:\/\/www.europesays.com\/se\/wp-content\/uploads\/2026\/01\/anna-olskog-och-andreas-morck.jpeg\" alt=\"\" width=\"920\" height=\"480\"  \/>Anna Olskog, f\u00f6rbundsordf\u00f6rande, Sveriges L\u00e4rare och Andreas M\u00f6rck, f\u00f6rbundsdirekt\u00f6r f\u00f6r Almega Utbildning.\u00a0<\/p>\n<p>\u00a0<\/p>\n<p>Arbetsgivarorganisationen Almega Utbildning, som f\u00f6retr\u00e4der friskolorna i Sverige, riktar ocks\u00e5 kritik mot utredningen men fr\u00e5n en helt annan utg\u00e5ngspunkt. Enligt arbetsgivarorganisationen riskerar \u00a0utredningens f\u00f6rslag att drabba v\u00e4lfungerande skolor.<\/p>\n<p>\u2013 Utredningens nya f\u00f6rslag f\u00f6rs\u00e4mrar elevers m\u00f6jligheter att g\u00e5 i bra skolor. F\u00f6rra \u00e5ret slog utredningen fast tuffa \u00e5tg\u00e4rder f\u00f6r att f\u00e5 bort de f\u00e5 oseri\u00f6sa akt\u00f6rerna, \u00e4nd\u00e5 f\u00f6resl\u00e5s nu \u00e4n mer l\u00e5ngtg\u00e5ende begr\u00e4nsningar f\u00f6r hela sektorn, s\u00e4ger Andreas M\u00f6rck, f\u00f6rbundsdirekt\u00f6r f\u00f6r Almega Utbildning i ett pressmeddelande.\u00a0\u00a0<\/p>\n<p>Utbildningsminister Simona Mohamsson (L) som tog emot utredningen har lovat att regeringen ska \u00e5terkomma med skarpa f\u00f6rslag n\u00e4r det g\u00e4ller friskolesystemet under mandatperioden.\u00a0<\/p>\n<p><strong>Jon Andersson<\/strong><\/p>\n","protected":false},"excerpt":{"rendered":"Vinster i v\u00e4lf\u00e4rden Friskoleakt\u00f6rer som misssk\u00f6ter sig ska inte f\u00e5 ut\u00f6ka eller starta ny verksamhet. Det f\u00f6resl\u00e5r en&hellip;\n","protected":false},"author":2,"featured_media":130772,"comment_status":"","ping_status":"","sticky":false,"template":"","format":"standard","meta":{"footnotes":""},"categories":[5],"tags":[22,23,26,27,17,21,24,25,28,29,15,16,18,34,31,33,32,30,19,20],"class_list":{"0":"post-130771","1":"post","2":"type-post","3":"status-publish","4":"format-standard","5":"has-post-thumbnail","7":"category-rubriker","8":"tag-breaking-news","9":"tag-breakingnews","10":"tag-featured-news","11":"tag-featurednews","12":"tag-headlines","13":"tag-huvudnyheter","14":"tag-latest-news","15":"tag-latestnews","16":"tag-main-news","17":"tag-mainnews","18":"tag-news","19":"tag-nyheter","20":"tag-rubriker","21":"tag-se","22":"tag-svenska","23":"tag-sverige","24":"tag-sweden","25":"tag-swedish","26":"tag-top-stories","27":"tag-topstories"},"share_on_mastodon":{"url":"https:\/\/pubeurope.com\/@se\/115865699154564448","error":""},"_links":{"self":[{"href":"https:\/\/www.europesays.com\/se\/wp-json\/wp\/v2\/posts\/130771","targetHints":{"allow":["GET"]}}],"collection":[{"href":"https:\/\/www.europesays.com\/se\/wp-json\/wp\/v2\/posts"}],"about":[{"href":"https:\/\/www.europesays.com\/se\/wp-json\/wp\/v2\/types\/post"}],"author":[{"embeddable":true,"href":"https:\/\/www.europesays.com\/se\/wp-json\/wp\/v2\/users\/2"}],"replies":[{"embeddable":true,"href":"https:\/\/www.europesays.com\/se\/wp-json\/wp\/v2\/comments?post=130771"}],"version-history":[{"count":0,"href":"https:\/\/www.europesays.com\/se\/wp-json\/wp\/v2\/posts\/130771\/revisions"}],"wp:featuredmedia":[{"embeddable":true,"href":"https:\/\/www.europesays.com\/se\/wp-json\/wp\/v2\/media\/130772"}],"wp:attachment":[{"href":"https:\/\/www.europesays.com\/se\/wp-json\/wp\/v2\/media?parent=130771"}],"wp:term":[{"taxonomy":"category","embeddable":true,"href":"https:\/\/www.europesays.com\/se\/wp-json\/wp\/v2\/categories?post=130771"},{"taxonomy":"post_tag","embeddable":true,"href":"https:\/\/www.europesays.com\/se\/wp-json\/wp\/v2\/tags?post=130771"}],"curies":[{"name":"wp","href":"https:\/\/api.w.org\/{rel}","templated":true}]}}