{"id":130776,"date":"2026-01-09T14:54:17","date_gmt":"2026-01-09T14:54:17","guid":{"rendered":"https:\/\/www.europesays.com\/se\/130776\/"},"modified":"2026-01-09T14:54:17","modified_gmt":"2026-01-09T14:54:17","slug":"xpeng-vill-bredda-till-att-bli-ett-physical-ai-bolag","status":"publish","type":"post","link":"https:\/\/www.europesays.com\/se\/130776\/","title":{"rendered":"Xpeng vill bredda till att bli ett Physical AI-bolag"},"content":{"rendered":"<p>He sade att Xpeng \u201dabsolut inte vill bli en biltillverkare som s\u00e4ljer billig h\u00e5rdvara\u201d, utan \u201dett teknikbolag med en stor bredd\u201d. Uttalandet kommer n\u00e4r Xpeng siktar p\u00e5 att dra ig\u00e5ng tester med robotaxis och b\u00f6rja masstillverka humanoida robotar senare i \u00e5r.\u00a0<\/p>\n<p><strong>Denna utveckling liknar bland <\/strong>annat rivalen Teslas, som ocks\u00e5 gjort int\u00e5g inom robotaxis och humanoida robotar i sp\u00e5ren av en snabbt \u00f6kande anv\u00e4ndning av AI globalt.<\/p>\n<p>Ett annat motiv f\u00f6r Xpeng att utvidga verksamheten \u00e4r att den kinesiska bilmarknaden pr\u00e4glas av ett fler\u00e5rigt priskrig som skadat l\u00f6nsamheten. Xpeng gjorde en f\u00f6rlust p\u00e5 380 miljoner yuan, motsvarande drygt 500 miljoner kronor, i tredje kvartalet men v\u00e4ntas enligt He uppvisa ett nollresultat f\u00f6r hel\u00e5ret 2025.<\/p>\n","protected":false},"excerpt":{"rendered":"He sade att Xpeng \u201dabsolut inte vill bli en biltillverkare som s\u00e4ljer billig h\u00e5rdvara\u201d, utan \u201dett teknikbolag med&hellip;\n","protected":false},"author":2,"featured_media":130777,"comment_status":"","ping_status":"","sticky":false,"template":"","format":"standard","meta":{"footnotes":""},"categories":[65],"tags":[72,70,71,34,31,33,32,30],"class_list":{"0":"post-130776","1":"post","2":"type-post","3":"status-publish","4":"format-standard","5":"has-post-thumbnail","7":"category-ekonomi","8":"tag-business","9":"tag-economy","10":"tag-ekonomi","11":"tag-se","12":"tag-svenska","13":"tag-sverige","14":"tag-sweden","15":"tag-swedish"},"share_on_mastodon":{"url":"https:\/\/pubeurope.com\/@se\/115865718762376475","error":""},"_links":{"self":[{"href":"https:\/\/www.europesays.com\/se\/wp-json\/wp\/v2\/posts\/130776","targetHints":{"allow":["GET"]}}],"collection":[{"href":"https:\/\/www.europesays.com\/se\/wp-json\/wp\/v2\/posts"}],"about":[{"href":"https:\/\/www.europesays.com\/se\/wp-json\/wp\/v2\/types\/post"}],"author":[{"embeddable":true,"href":"https:\/\/www.europesays.com\/se\/wp-json\/wp\/v2\/users\/2"}],"replies":[{"embeddable":true,"href":"https:\/\/www.europesays.com\/se\/wp-json\/wp\/v2\/comments?post=130776"}],"version-history":[{"count":0,"href":"https:\/\/www.europesays.com\/se\/wp-json\/wp\/v2\/posts\/130776\/revisions"}],"wp:featuredmedia":[{"embeddable":true,"href":"https:\/\/www.europesays.com\/se\/wp-json\/wp\/v2\/media\/130777"}],"wp:attachment":[{"href":"https:\/\/www.europesays.com\/se\/wp-json\/wp\/v2\/media?parent=130776"}],"wp:term":[{"taxonomy":"category","embeddable":true,"href":"https:\/\/www.europesays.com\/se\/wp-json\/wp\/v2\/categories?post=130776"},{"taxonomy":"post_tag","embeddable":true,"href":"https:\/\/www.europesays.com\/se\/wp-json\/wp\/v2\/tags?post=130776"}],"curies":[{"name":"wp","href":"https:\/\/api.w.org\/{rel}","templated":true}]}}