{"id":130783,"date":"2026-01-09T15:02:09","date_gmt":"2026-01-09T15:02:09","guid":{"rendered":"https:\/\/www.europesays.com\/se\/130783\/"},"modified":"2026-01-09T15:02:09","modified_gmt":"2026-01-09T15:02:09","slug":"bundesliga-match-uppskjuten-pa-grund-av-snokaos-bundesliga","status":"publish","type":"post","link":"https:\/\/www.europesays.com\/se\/130783\/","title":{"rendered":"Bundesliga-match uppskjuten p\u00e5 grund av sn\u00f6kaos &#8211; Bundesliga"},"content":{"rendered":"<p>I veckan kom besked fr\u00e5n Nederl\u00e4nderna om att matcher i landet tvingas st\u00e4llas in p\u00e5 grund av intensivt sn\u00f6fall i landet. Nu drabbas \u00e4ven fotbollen i grannlandet Tyskland. <\/p>\n<p>Under l\u00f6rdagen klockan 15.30 skulle St. Pauli, som leds av den svenske vicekaptenen Eric Smith i backlinjen, drabba samman med RB Leipzig i Bundesliga. Den matchen \u00e4r nu uppskjuten.<\/p>\n<p>St. Pauli meddelar i ett uttalande att matchen inte kommer kunna spelas p\u00e5 grund  intensiva sn\u00f6ov\u00e4der i Hamburg. <\/p>\n<p>&#8221;FC St. Pauli har gjort allt i klubbens makt f\u00f6r att s\u00e4kerst\u00e4lla ett s\u00e4kert genomf\u00f6rande av matchen. I detta avseende vill klubbens ledare tacka alla inblandade f\u00f6r det konstruktiva samarbetet&#8221;, skriver klubben p\u00e5 sin webbplats.<\/p>\n<p>Vidare meddelas det att matchen kommer f\u00e5 ett ny speldatum som \u00e4nnu inte \u00e4r spikat. <\/p>\n","protected":false},"excerpt":{"rendered":"I veckan kom besked fr\u00e5n Nederl\u00e4nderna om att matcher i landet tvingas st\u00e4llas in p\u00e5 grund av intensivt&hellip;\n","protected":false},"author":2,"featured_media":130784,"comment_status":"","ping_status":"","sticky":false,"template":"","format":"standard","meta":{"footnotes":""},"categories":[65],"tags":[72,70,71,34,31,33,32,30],"class_list":{"0":"post-130783","1":"post","2":"type-post","3":"status-publish","4":"format-standard","5":"has-post-thumbnail","7":"category-ekonomi","8":"tag-business","9":"tag-economy","10":"tag-ekonomi","11":"tag-se","12":"tag-svenska","13":"tag-sverige","14":"tag-sweden","15":"tag-swedish"},"share_on_mastodon":{"url":"https:\/\/pubeurope.com\/@se\/115865750222919116","error":""},"_links":{"self":[{"href":"https:\/\/www.europesays.com\/se\/wp-json\/wp\/v2\/posts\/130783","targetHints":{"allow":["GET"]}}],"collection":[{"href":"https:\/\/www.europesays.com\/se\/wp-json\/wp\/v2\/posts"}],"about":[{"href":"https:\/\/www.europesays.com\/se\/wp-json\/wp\/v2\/types\/post"}],"author":[{"embeddable":true,"href":"https:\/\/www.europesays.com\/se\/wp-json\/wp\/v2\/users\/2"}],"replies":[{"embeddable":true,"href":"https:\/\/www.europesays.com\/se\/wp-json\/wp\/v2\/comments?post=130783"}],"version-history":[{"count":0,"href":"https:\/\/www.europesays.com\/se\/wp-json\/wp\/v2\/posts\/130783\/revisions"}],"wp:featuredmedia":[{"embeddable":true,"href":"https:\/\/www.europesays.com\/se\/wp-json\/wp\/v2\/media\/130784"}],"wp:attachment":[{"href":"https:\/\/www.europesays.com\/se\/wp-json\/wp\/v2\/media?parent=130783"}],"wp:term":[{"taxonomy":"category","embeddable":true,"href":"https:\/\/www.europesays.com\/se\/wp-json\/wp\/v2\/categories?post=130783"},{"taxonomy":"post_tag","embeddable":true,"href":"https:\/\/www.europesays.com\/se\/wp-json\/wp\/v2\/tags?post=130783"}],"curies":[{"name":"wp","href":"https:\/\/api.w.org\/{rel}","templated":true}]}}