{"id":130785,"date":"2026-01-09T15:04:30","date_gmt":"2026-01-09T15:04:30","guid":{"rendered":"https:\/\/www.europesays.com\/se\/130785\/"},"modified":"2026-01-09T15:04:30","modified_gmt":"2026-01-09T15:04:30","slug":"zahra-och-afshad-kazemipour-far-stanna-i-sverige","status":"publish","type":"post","link":"https:\/\/www.europesays.com\/se\/130785\/","title":{"rendered":"Zahra och Afshad Kazemipour f\u00e5r stanna i Sverige"},"content":{"rendered":"<p>Publicerad 9 jan 2026 kl 12.40Uppdaterad kl 14.55<\/p>\n<p>V\u00e5rdanst\u00e4llda Zahra och Afshad och deras barn f\u00e5r tillf\u00e4lligt stanna i Sverige.<\/p>\n<p>Det meddelar migrationsdomstolen i en ny dom, enligt <a href=\"https:\/\/www.tv4.se\/artikel\/7ChYrT48AOPtRUTOFnqte2\/glaedjebeskedet-foer-zahra-och-afshad-far-stanna-i-sverige\" rel=\"nofollow noopener\" target=\"_blank\">TV4 Nyheterna.<\/a>\u00a0<\/p>\n<p>\u2013 Nu vet vi att vi m\u00e4nniskor kan g\u00f6ra skillnad tillsammans, s\u00e4ger Zahra till Expressen.\u00a0<\/p>\n<p><img   alt=\"\"\/> <\/p>\n<p>Foto: SVEN LINDWALL<\/p>\n<p>\u00d6ppna bild i helsk\u00e4rm<\/p>\n<p>2016 flydde Zahra Kazemipour och Afshad Joubeh och deras familj fr\u00e5n Iran och kom till Sverige.<\/p>\n<p>Sedan dess har de bott och arbetat och uppfostrat sina barn i Sverige. De b\u00e5da har varit anst\u00e4llda p\u00e5 S\u00f6dersjukhuset i <a href=\"https:\/\/www.expressen.se\/tagg\/location\/stockholm\/\" class=\"\" rel=\"nofollow noopener\" target=\"_blank\">Stockholm<\/a>.<\/p>\n<p>I november fick de besked att de inte f\u00e5r vara kvar i Sverige. I g\u00e5r, 8 januari, skulle de ha l\u00e4mnat Sverige f\u00f6r gott.<\/p>\n<p>\u2013 Jag var p\u00e5 praktiken och Afshad var p\u00e5 jobbet n\u00e4r jag fick mejlet. Och jag t\u00e4nkte att jag inte klarar av att vara p\u00e5 jobbet. Jag ville bara \u00e5ka hem och sova f\u00f6r alltid, sa Zahra till Expressen tidigare i december.<\/p>\n<p>Zahra: \u201dGl\u00e4dje\u201d<\/p>\n<p>Nu har migrationsdomstolen beslutat att familjen tillf\u00e4lligt f\u00e5r stanna i Sverige och att en ny pr\u00f6vning om uppeh\u00e5llstillst\u00e5nd beviljas, skriver TV4.<\/p>\n<p>Zahra Kazemipour s\u00e4ger att hon fick beskedet fr\u00e5n familjens advokat p\u00e5 fredagsf\u00f6rmiddagen.<\/p>\n<p>\u2013 Det har varit en s\u00e5n press, och nu sl\u00e4pper det lite grann. Det kommer olika k\u00e4nslor. Gl\u00e4dje, r\u00e4dsla, allt m\u00f6jligt. Men framf\u00f6r allt gl\u00e4dje, s\u00e4ger Zahra till Expressen.<\/p>\n<p>Hon k\u00e4nner stor k\u00e4rlek f\u00f6r alla som st\u00f6ttat familjen den senaste tiden.<\/p>\n<p>\u2013 Jag \u00e4r stolt \u00f6ver att bo h\u00e4r i Sverige med alla svenskar. De \u00e4r underbara m\u00e4nniskor. Vi orkade inte t\u00e4nka, och de gjorde allt f\u00f6r oss. Nu vet vi att vi m\u00e4nniskor kan g\u00f6ra skillnad tillsammans.\u00a0<\/p>\n<p>Den 22 december anordnade kollegerna p\u00e5 S\u00f6dersjukhuset en stor manifestation f\u00f6r Zahra och Afshad. \u00c4ven den 3 januari h\u00f6lls en demonstration p\u00e5 Sergels torg i Stockholm, i protest mot beslutet att utvisa familjen.<\/p>\n","protected":false},"excerpt":{"rendered":"Publicerad 9 jan 2026 kl 12.40Uppdaterad kl 14.55 V\u00e5rdanst\u00e4llda Zahra och Afshad och deras barn f\u00e5r tillf\u00e4lligt stanna&hellip;\n","protected":false},"author":2,"featured_media":130786,"comment_status":"","ping_status":"","sticky":false,"template":"","format":"standard","meta":{"footnotes":""},"categories":[12],"tags":[22,23,26,27,17,21,24,25,135,28,29,15,16,18,34,154,31,33,32,30,19,20],"class_list":{"0":"post-130785","1":"post","2":"type-post","3":"status-publish","4":"format-standard","5":"has-post-thumbnail","7":"category-sverige","8":"tag-breaking-news","9":"tag-breakingnews","10":"tag-featured-news","11":"tag-featurednews","12":"tag-headlines","13":"tag-huvudnyheter","14":"tag-latest-news","15":"tag-latestnews","16":"tag-location-stockholm","17":"tag-main-news","18":"tag-mainnews","19":"tag-news","20":"tag-nyheter","21":"tag-rubriker","22":"tag-se","23":"tag-sections-sverige","24":"tag-svenska","25":"tag-sverige","26":"tag-sweden","27":"tag-swedish","28":"tag-top-stories","29":"tag-topstories"},"share_on_mastodon":{"url":"https:\/\/pubeurope.com\/@se\/115865758180507520","error":""},"_links":{"self":[{"href":"https:\/\/www.europesays.com\/se\/wp-json\/wp\/v2\/posts\/130785","targetHints":{"allow":["GET"]}}],"collection":[{"href":"https:\/\/www.europesays.com\/se\/wp-json\/wp\/v2\/posts"}],"about":[{"href":"https:\/\/www.europesays.com\/se\/wp-json\/wp\/v2\/types\/post"}],"author":[{"embeddable":true,"href":"https:\/\/www.europesays.com\/se\/wp-json\/wp\/v2\/users\/2"}],"replies":[{"embeddable":true,"href":"https:\/\/www.europesays.com\/se\/wp-json\/wp\/v2\/comments?post=130785"}],"version-history":[{"count":0,"href":"https:\/\/www.europesays.com\/se\/wp-json\/wp\/v2\/posts\/130785\/revisions"}],"wp:featuredmedia":[{"embeddable":true,"href":"https:\/\/www.europesays.com\/se\/wp-json\/wp\/v2\/media\/130786"}],"wp:attachment":[{"href":"https:\/\/www.europesays.com\/se\/wp-json\/wp\/v2\/media?parent=130785"}],"wp:term":[{"taxonomy":"category","embeddable":true,"href":"https:\/\/www.europesays.com\/se\/wp-json\/wp\/v2\/categories?post=130785"},{"taxonomy":"post_tag","embeddable":true,"href":"https:\/\/www.europesays.com\/se\/wp-json\/wp\/v2\/tags?post=130785"}],"curies":[{"name":"wp","href":"https:\/\/api.w.org\/{rel}","templated":true}]}}