{"id":130793,"date":"2026-01-09T15:10:16","date_gmt":"2026-01-09T15:10:16","guid":{"rendered":"https:\/\/www.europesays.com\/se\/130793\/"},"modified":"2026-01-09T15:10:16","modified_gmt":"2026-01-09T15:10:16","slug":"batterier-pressas-hart-i-mycket-kallt-vader-ett-enkelt-knep-garanterar-att-bilen-startar-osterbotten","status":"publish","type":"post","link":"https:\/\/www.europesays.com\/se\/130793\/","title":{"rendered":"Batterier pressas h\u00e5rt i mycket kallt v\u00e4der \u2013 ett enkelt knep garanterar att bilen startar | \u00d6sterbotten"},"content":{"rendered":"<p class=\"aw-1gybjub aw-5vja16 kEtdKx kmuxyA yle__article__paragraph\">Vi har tagit reda p\u00e5 vad du beh\u00f6ver om du ska k\u00f6pa ett nytt bilbatteri och hur du kan p\u00e5verka batteriets livsl\u00e4ngd.<\/p>\n<p><img decoding=\"async\" alt=\"P\u00e5 bilden syns motorhuvudet p\u00e5 en bil och bilens bilbatteri.\" src=\"https:\/\/www.europesays.com\/se\/wp-content\/uploads\/2026\/01\/39-1578512695fa103602df.jpeg\" class=\"aw-1l9m598 hKVVvP\"\/><\/p>\n<p>\u00d6ppna bildvisare<\/p>\n<p>Det finns flera knep f\u00f6r att se till att bilen startar i str\u00e4ng kyla. Bild: Arto Loukasm\u00e4ki \/ YleLyssna (du h\u00f6r en artificiell r\u00f6st) 4:58<\/p>\n<p class=\"aw-1gybjub aw-1p7kakr kEtdKx cEmitX yle__article__paragraph\">Bilens batteri \u00e4r under h\u00e5rd belastning nu n\u00e4r v\u00e4dret i Finland blivit kallt. F\u00f6r att undvika att bilen inte startar p\u00e5 grund av batteriproblem, kan du anv\u00e4nda en underh\u00e5llsladdare vid minusgrader.<\/p>\n<p class=\"aw-1gybjub aw-1p7kakr kEtdKx cEmitX yle__article__paragraph\">\u2013 Det \u00e4r ett anv\u00e4ndbart verktyg f\u00f6r att se till att batteriet h\u00e5lls i skick, s\u00e4ger <strong class=\"aw-ak79eh KyCXm yle__article__strong\">Daniel Isoaho<\/strong>, ansvarig f\u00f6r reservdelsf\u00f6rs\u00e4ljning vid Motonet i Vasa.<\/p>\n<p class=\"aw-1gybjub aw-1p7kakr kEtdKx cEmitX yle__article__paragraph\">\u2013 Man kan koppla batteriet i underh\u00e5llsladdaren \u00f6ver natten om man har haft problem med batteriet tidigare. Om bilen st\u00e5r parkerad l\u00e4nge \u00e4r det en bra id\u00e9 att ta bort batteriet helt, s\u00e4ger Isoaho.<\/p>\n<p><img decoding=\"async\" alt=\"En person st\u00e5r i en butik, omgiven av hyllor fyllda med batterier och andra fordonsrelaterade produkter.\" src=\"https:\/\/www.europesays.com\/se\/wp-content\/uploads\/2026\/01\/39-1577361695bf4904a892.jpeg\" loading=\"lazy\" class=\"aw-1l9m598 hKVVvP\"\/><\/p>\n<p>\u00d6ppna bildvisare<\/p>\n<p>Daniel Isoaho vid Motonet i Vasa rekommenderar att anv\u00e4nda underh\u00e5llsladdare och ha en starthj\u00e4lp. Bild: Matti Rinnekangas \/ Yle<\/p>\n<p class=\"aw-1gybjub aw-1p7kakr kEtdKx cEmitX yle__article__paragraph\">En underh\u00e5llsladdare fungerar p\u00e5 samma s\u00e4tt som en telefonladdare. Den kopplas till i batteriet och andra \u00e4ndan i ett uttag. Efter det v\u00e4ljer man r\u00e4tt l\u00e4ge, och sen b\u00f6rjar underh\u00e5llsladdaren ladda str\u00f6m till batteriet.<\/p>\n<p class=\"aw-1gybjub aw-1p7kakr kEtdKx cEmitX yle__article__paragraph\">Enligt <strong class=\"aw-ak79eh KyCXm yle__article__strong\">Tuomo Kananoja<\/strong>, servicechef f\u00f6r Rinta-Jouppi i Vasa, kan underh\u00e5llsladdaren kopplas till samma ledning som motorv\u00e4rmaren, vilket g\u00f6r att den kan anv\u00e4ndas regelbundet.<\/p>\n<p class=\"aw-1gybjub aw-1p7kakr kEtdKx cEmitX yle__article__paragraph\">\u2013 Det \u00e4r m\u00f6jligt att uppr\u00e4tth\u00e5lla batteriets skick genom f\u00f6rv\u00e4rmning, eftersom startandet av en varm motor inte belastar batteriet p\u00e5 samma s\u00e4tt som en kallstart.<\/p>\n<p>Att k\u00f6ra l\u00e4ngre perioder kan \u00f6ka batteriets livsl\u00e4ngd<\/p>\n<p class=\"aw-1gybjub aw-1p7kakr kEtdKx cEmitX yle__article__paragraph\">Om man har en bil som man fr\u00e4mst k\u00f6r med i staden rekommenderar Tuomo Kananoja att man ska k\u00f6ra den i minst en halvtimme en eller tv\u00e5 g\u00e5nger i veckan. Batteriets livsl\u00e4ngd kan allts\u00e5 \u00f6kas genom att k\u00f6ra under lite l\u00e4ngre perioder.<\/p>\n<p class=\"aw-1gybjub aw-1p7kakr kEtdKx cEmitX yle__article__paragraph\">Daniel Isoaho rekommenderar att man alltid har en starthj\u00e4lp med sig, s\u00e5 att bilen inte blir strandsatt vid v\u00e4gkanten.<\/p>\n<p class=\"aw-1gybjub aw-1p7kakr kEtdKx cEmitX yle__article__paragraph\">Kananoja p\u00e5pekar att man ska vara f\u00f6rsiktig d\u00e5 man anv\u00e4nder en starthj\u00e4lp, eftersom den kan skada bilens elektroniska styrenheter och s\u00e4kringar i bilen om den anv\u00e4nds p\u00e5 fel s\u00e4tt.<\/p>\n<p class=\"aw-1gybjub aw-1p7kakr kEtdKx cEmitX yle__article__paragraph\">Instruktioner f\u00f6r att anv\u00e4nda starthj\u00e4lpen, eller f\u00f6rbud mot att anv\u00e4nda den, finns vanligtvis i bilens manual. I moderna bilar \u00e4r det inte rekommenderat att s\u00e4tta starthj\u00e4lpen direkt p\u00e5 batteripolerna.<\/p>\n<p class=\"aw-1gybjub aw-1p7kakr kEtdKx cEmitX yle__article__paragraph\">\u2013 Skoda har exempelvis en best\u00e4md jordpunkt och en s\u00e4rskild pluspunkt. Om n\u00f6dladdaren anv\u00e4nds fel kan det skada styrenheterna, och s\u00e5dana skador kan kosta flera tusen euro, s\u00e4ger Kananoja.<\/p>\n<ul class=\"aw-1jjocuh iJTSwP yle__article__list yle__article__list--ul\">\n<li class=\"aw-1j7gwms gNYKfi\">Moderna AGM-batterier (absorbent glass mat) har en h\u00f6g startkapacitet och t\u00e5l djupa urladdningar betydligt b\u00e4ttre \u00e4n traditionella batterier.<\/li>\n<li class=\"aw-1j7gwms gNYKfi\">EFB-batterier (Enhanced Flooded Battery) \u00e4r ocks\u00e5 moderna. EFB-batterier \u00e4r ett mer prisv\u00e4rt alternativ till AGM. De klarar laddning b\u00e4ttre och oftare \u00e4n traditionella batterier.<\/li>\n<li class=\"aw-1j7gwms gNYKfi\">Ett traditionellt batteri \u00e4r ett \u00f6ppet batteri, ett s\u00e5 kallat v\u00e5tt batteri. Det k\u00e4nns igen p\u00e5 de \u00f6ppningsbara locken.<\/li>\n<li class=\"aw-1j7gwms gNYKfi\">N\u00e4r ett batteri avger str\u00f6m, urladdas det.<\/li>\n<li class=\"aw-1j7gwms gNYKfi\">I batterier kallas en urladdningsomg\u00e5ng och den efterf\u00f6ljande laddningsomg\u00e5ngen f\u00f6r en cykel.<\/li>\n<li class=\"aw-1j7gwms gNYKfi\">Djupurladdning innb\u00e4r att batteriet laddas ur f\u00f6r mycket, under den till\u00e5tna minimisp\u00e4nningen, vilket skadar vanliga batterier.<br \/>\nK\u00e4lla: autokave.fi<\/li>\n<\/ul>\n<p>Som k\u00f6pare av ett nytt batteri har du valm\u00f6jligheter<\/p>\n<p class=\"aw-1gybjub aw-1p7kakr kEtdKx cEmitX yle__article__paragraph\">De som g\u00e5r till butiken f\u00f6r att k\u00f6pa batterier idag har flera valm\u00f6jligheter, i och med att bilparkerna ocks\u00e5 utvecklats. Nya bilar har fler elsystem \u00e4n tidigare, vilket kr\u00e4ver mer avancerade batterier.<\/p>\n<p class=\"aw-1gybjub aw-1p7kakr kEtdKx cEmitX yle__article__paragraph\">F\u00f6rutom de traditionella batterierna finns nu \u00e4ven EFB- och AGM-batterier.<\/p>\n<p class=\"aw-1gybjub aw-1p7kakr kEtdKx cEmitX yle__article__paragraph\">\u2013 Trots det k\u00f6per de flesta kunder fortfarande standardbatterier, s\u00e4ger Daniel Isoaho.<\/p>\n<p class=\"aw-1gybjub aw-1p7kakr kEtdKx cEmitX yle__article__paragraph\">Mer avancerade batterityper skiljer sig avsev\u00e4rt fr\u00e5n traditionella batterier, b\u00e5de vad g\u00e4ller design och egenskap. EFB- och AGM-batterier har inte l\u00e4ngre den minneseffekt som \u00e4r typisk f\u00f6r \u00e4ldre blybatterier, vilket g\u00f6r att de kan laddas oftare.<\/p>\n<p class=\"aw-1gybjub aw-1p7kakr kEtdKx cEmitX yle__article__paragraph\">\u2013 EFB och AGM har helt olika strukturer, och kan \u00e5terupplivas l\u00e4ttare \u00e4n ett vanligt batteri, \u00e4ven om str\u00f6mmen sjunker l\u00e5gt, s\u00e4ger Isoaho.<\/p>\n<p class=\"aw-1gybjub aw-1p7kakr kEtdKx cEmitX yle__article__paragraph\">N\u00e4r det g\u00e4ller vanliga batterier \u00e4r situationen ofta annorlunda: om ett billigt batteri \u00e4r helt urladdat kan det bli oanv\u00e4ndbart.<\/p>\n<p class=\"aw-1gybjub aw-1p7kakr kEtdKx cEmitX yle__article__paragraph\">Om det \u00e4r dags att skaffa ett nytt batteri till bilen rekommenderar Kananoja att skaffa ett liknande batteri som det som installerats av tillverkaren.<\/p>\n<p class=\"aw-1gybjub aw-1p7kakr kEtdKx cEmitX yle__article__paragraph\">\u2013 Str\u00f6mv\u00e4rdena b\u00f6r vara ungef\u00e4r desamma som biltillverkaren anger i manualen, s\u00e4ger Kananoja.<\/p>\n<p>F\u00f6rs\u00e4ljningen av batterier blomstrar i kallt v\u00e4der<\/p>\n<p class=\"aw-1gybjub aw-1p7kakr kEtdKx cEmitX yle__article__paragraph\">Under kalla perioder \u00f6kar efterfr\u00e5gan p\u00e5 batterier. Butikerna f\u00f6rbereder sig f\u00f6r kalla perioder genom att se till att det finns tillr\u00e4ckligt med batterier p\u00e5 hyllorna<\/p>\n<p class=\"aw-1gybjub aw-1p7kakr kEtdKx cEmitX yle__article__paragraph\">Artikeln \u00e4r en \u00f6vers\u00e4ttning och bearbetning av artikeln <a class=\"aw-iao6s4 iHOxEa yle__article__link\" href=\"https:\/\/yle.fi\/a\/74-20202632\" role=\"link\" rel=\"nofollow noopener\" target=\"_blank\">Akut ovat kovilla pakkaskeleill\u00e4 \u2013 yksi helppo keino takaa auton k\u00e4ynnistymisen<\/a>. \u00d6vers\u00e4ttningen och bearbetningen \u00e4r gjord av <strong class=\"aw-ak79eh KyCXm yle__article__strong\">Ellen Bos.<\/strong><\/p>\n","protected":false},"excerpt":{"rendered":"Vi har tagit reda p\u00e5 vad du beh\u00f6ver om du ska k\u00f6pa ett nytt bilbatteri och hur du&hellip;\n","protected":false},"author":2,"featured_media":130794,"comment_status":"","ping_status":"","sticky":false,"template":"","format":"standard","meta":{"footnotes":""},"categories":[65],"tags":[13426,4416,12032,13427,13425,72,70,71,13424,684,683,2300,34,31,33,32,30,693,13428],"class_list":{"0":"post-130793","1":"post","2":"type-post","3":"status-publish","4":"format-standard","5":"has-post-thumbnail","7":"category-ekonomi","8":"tag-ackumulatorer","9":"tag-batterier","10":"tag-bilar","11":"tag-bilbatteri","12":"tag-bilens-elsystem","13":"tag-business","14":"tag-economy","15":"tag-ekonomi","16":"tag-energioverforing","17":"tag-finland","18":"tag-inrikes","19":"tag-osterbotten","20":"tag-se","21":"tag-svenska","22":"tag-sverige","23":"tag-sweden","24":"tag-swedish","25":"tag-vader","26":"tag-vasa"},"share_on_mastodon":{"url":"https:\/\/pubeurope.com\/@se\/115865781813892387","error":""},"_links":{"self":[{"href":"https:\/\/www.europesays.com\/se\/wp-json\/wp\/v2\/posts\/130793","targetHints":{"allow":["GET"]}}],"collection":[{"href":"https:\/\/www.europesays.com\/se\/wp-json\/wp\/v2\/posts"}],"about":[{"href":"https:\/\/www.europesays.com\/se\/wp-json\/wp\/v2\/types\/post"}],"author":[{"embeddable":true,"href":"https:\/\/www.europesays.com\/se\/wp-json\/wp\/v2\/users\/2"}],"replies":[{"embeddable":true,"href":"https:\/\/www.europesays.com\/se\/wp-json\/wp\/v2\/comments?post=130793"}],"version-history":[{"count":0,"href":"https:\/\/www.europesays.com\/se\/wp-json\/wp\/v2\/posts\/130793\/revisions"}],"wp:featuredmedia":[{"embeddable":true,"href":"https:\/\/www.europesays.com\/se\/wp-json\/wp\/v2\/media\/130794"}],"wp:attachment":[{"href":"https:\/\/www.europesays.com\/se\/wp-json\/wp\/v2\/media?parent=130793"}],"wp:term":[{"taxonomy":"category","embeddable":true,"href":"https:\/\/www.europesays.com\/se\/wp-json\/wp\/v2\/categories?post=130793"},{"taxonomy":"post_tag","embeddable":true,"href":"https:\/\/www.europesays.com\/se\/wp-json\/wp\/v2\/tags?post=130793"}],"curies":[{"name":"wp","href":"https:\/\/api.w.org\/{rel}","templated":true}]}}