{"id":130803,"date":"2026-01-09T15:18:10","date_gmt":"2026-01-09T15:18:10","guid":{"rendered":"https:\/\/www.europesays.com\/se\/130803\/"},"modified":"2026-01-09T15:18:10","modified_gmt":"2026-01-09T15:18:10","slug":"det-kanns-som-att-komma-hem-till-aland","status":"publish","type":"post","link":"https:\/\/www.europesays.com\/se\/130803\/","title":{"rendered":"Det k\u00e4nns som att komma hem till \u00c5land"},"content":{"rendered":"<p>  <img decoding=\"async\" src=\"https:\/\/www.europesays.com\/se\/wp-content\/uploads\/2026\/01\/21801-scaled.jpg\"  loading=\"lazy\" class=\"block\" alt=\"\" width=\"650\" height=\"366\"\/><\/p>\n<p>Marcus Risberg, vd f\u00f6r Viking Line.<\/p>\n<p class=\"ml-auto text-xs text-gray-500 text-right\">\n        Fotograf:<br \/>\n        Viking Line\n      <\/p>\n<p>\n    Viking Lines nye vd Marcus Risberg ska lotsa in det \u00e5l\u00e4ndska rederiet i en ny verksamhetsomgivning som k\u00e4nnetecknas av st\u00e4ndig f\u00f6r\u00e4ndring.\n  <\/p>\n<p>Marcus Risberg tilltr\u00e4dde i b\u00f6rjan p\u00e5 november 2025 som ny vd f\u00f6r Viking Line Abp i Mariehamn. Han \u00e4r f\u00f6dd i Helsingfors, uppv\u00e4xt p\u00e5 \u00c5land och har spenderat merparten av sitt yrkesliv utg\u00e5ende fr\u00e5n Stockholm. \u00c5land har hela tiden betytt mycket f\u00f6r honom och han k\u00e4nner att det \u00e4r d\u00e4r som han h\u00f6r hemma.<\/p>\n<p><\/p>\n<p>        <a href=\"https:\/\/connectid.no\/user\/oauth\/authorize?response_type=code&amp;client_id=se.sjofart&amp;redirect_uri=https%3A%2F%2Fwww.sjofartstidningen.se%2Fdet-kanns-som-att-komma-hem-till-aland%2F%3Fflowy_paywall_callback\" rel=\"nofollow noopener\" target=\"_blank\">Vill du l\u00e4sa mer? Logga in h\u00e4r<\/a><\/p>\n<p>\n      Prenumerera\n    <\/p>\n<p>            DIGITAL<\/p>\n<ul>\n<li>Alla artiklar p\u00e5 sjofartstidningen.se<\/li>\n<li>Sj\u00f6fartstidningens e-tidning<\/li>\n<li>Tillg\u00e5ng till digitalt arkiv<\/li>\n<\/ul>\n<p>\u00a0<\/p>\n<p>Fr\u00e5n 89 kr\/m\u00e5nad<\/p>\n<p>\u00a0<\/p>\n<p>            KOMPLETT<\/p>\n<ul>\n<li>Alla artiklar p\u00e5 sjofartstidningen.se<\/li>\n<li>Sj\u00f6fartstidningens e-tidning<\/li>\n<li>Tillg\u00e5ng till digitalt arkiv<\/li>\n<li>Tidning i brevl\u00e5dan 10 nr\/\u00e5r<\/li>\n<\/ul>\n<p>1950 kr\/\u00e5r<\/p>\n","protected":false},"excerpt":{"rendered":"Marcus Risberg, vd f\u00f6r Viking Line. Fotograf: Viking Line Viking Lines nye vd Marcus Risberg ska lotsa in&hellip;\n","protected":false},"author":2,"featured_media":130804,"comment_status":"","ping_status":"","sticky":false,"template":"","format":"standard","meta":{"footnotes":""},"categories":[65],"tags":[72,70,71,34,31,33,32,30,13430],"class_list":{"0":"post-130803","1":"post","2":"type-post","3":"status-publish","4":"format-standard","5":"has-post-thumbnail","7":"category-ekonomi","8":"tag-business","9":"tag-economy","10":"tag-ekonomi","11":"tag-se","12":"tag-svenska","13":"tag-sverige","14":"tag-sweden","15":"tag-swedish","16":"tag-viking-line"},"share_on_mastodon":{"url":"https:\/\/pubeurope.com\/@se\/115865813353666932","error":""},"_links":{"self":[{"href":"https:\/\/www.europesays.com\/se\/wp-json\/wp\/v2\/posts\/130803","targetHints":{"allow":["GET"]}}],"collection":[{"href":"https:\/\/www.europesays.com\/se\/wp-json\/wp\/v2\/posts"}],"about":[{"href":"https:\/\/www.europesays.com\/se\/wp-json\/wp\/v2\/types\/post"}],"author":[{"embeddable":true,"href":"https:\/\/www.europesays.com\/se\/wp-json\/wp\/v2\/users\/2"}],"replies":[{"embeddable":true,"href":"https:\/\/www.europesays.com\/se\/wp-json\/wp\/v2\/comments?post=130803"}],"version-history":[{"count":0,"href":"https:\/\/www.europesays.com\/se\/wp-json\/wp\/v2\/posts\/130803\/revisions"}],"wp:featuredmedia":[{"embeddable":true,"href":"https:\/\/www.europesays.com\/se\/wp-json\/wp\/v2\/media\/130804"}],"wp:attachment":[{"href":"https:\/\/www.europesays.com\/se\/wp-json\/wp\/v2\/media?parent=130803"}],"wp:term":[{"taxonomy":"category","embeddable":true,"href":"https:\/\/www.europesays.com\/se\/wp-json\/wp\/v2\/categories?post=130803"},{"taxonomy":"post_tag","embeddable":true,"href":"https:\/\/www.europesays.com\/se\/wp-json\/wp\/v2\/tags?post=130803"}],"curies":[{"name":"wp","href":"https:\/\/api.w.org\/{rel}","templated":true}]}}