{"id":130806,"date":"2026-01-09T15:20:10","date_gmt":"2026-01-09T15:20:10","guid":{"rendered":"https:\/\/www.europesays.com\/se\/130806\/"},"modified":"2026-01-09T15:20:10","modified_gmt":"2026-01-09T15:20:10","slug":"elnatsjatte-raknar-med-rekordnota-efter-stormen-johannes","status":"publish","type":"post","link":"https:\/\/www.europesays.com\/se\/130806\/","title":{"rendered":"Eln\u00e4tsj\u00e4tte r\u00e4knar med rekordnota efter stormen Johannes"},"content":{"rendered":"<p>Eln\u00e4tsj\u00e4ttarna \u00e5kte p\u00e5 en rej\u00e4l sm\u00e4ll av stormen Johannes. Vad den totala kostnaden blir f\u00f6r att \u00e5terst\u00e4lla det skadade eln\u00e4tet st\u00e5r inte klart \u2013 men att det handlar om saftiga summor r\u00e5der ingen tvekan om.<\/p>\n<p>\u201dDet h\u00e4r kommer sannolikt att bli den dyraste kris vi hanterat under f\u00f6retagets existens\u201d, s\u00e4ger Jesper Liver\u00f6d, pressansvarig p\u00e5 Ellevio.<\/p>\n<p><strong class=\"global-xxs-bold\">Uppdaterad:<\/strong> 9 januari 2026, 14:19<strong class=\"global-xxs-bold\">Publicerad:<\/strong> 9 januari 2026, 14:12<\/p>\n<p>Spara<\/p>\n","protected":false},"excerpt":{"rendered":"Eln\u00e4tsj\u00e4ttarna \u00e5kte p\u00e5 en rej\u00e4l sm\u00e4ll av stormen Johannes. Vad den totala kostnaden blir f\u00f6r att \u00e5terst\u00e4lla det&hellip;\n","protected":false},"author":2,"featured_media":130807,"comment_status":"","ping_status":"","sticky":false,"template":"","format":"standard","meta":{"footnotes":""},"categories":[12],"tags":[22,23,26,27,17,21,24,25,28,29,15,16,18,34,31,33,32,30,19,20],"class_list":{"0":"post-130806","1":"post","2":"type-post","3":"status-publish","4":"format-standard","5":"has-post-thumbnail","7":"category-sverige","8":"tag-breaking-news","9":"tag-breakingnews","10":"tag-featured-news","11":"tag-featurednews","12":"tag-headlines","13":"tag-huvudnyheter","14":"tag-latest-news","15":"tag-latestnews","16":"tag-main-news","17":"tag-mainnews","18":"tag-news","19":"tag-nyheter","20":"tag-rubriker","21":"tag-se","22":"tag-svenska","23":"tag-sverige","24":"tag-sweden","25":"tag-swedish","26":"tag-top-stories","27":"tag-topstories"},"share_on_mastodon":{"url":"https:\/\/pubeurope.com\/@se\/115865821110904915","error":""},"_links":{"self":[{"href":"https:\/\/www.europesays.com\/se\/wp-json\/wp\/v2\/posts\/130806","targetHints":{"allow":["GET"]}}],"collection":[{"href":"https:\/\/www.europesays.com\/se\/wp-json\/wp\/v2\/posts"}],"about":[{"href":"https:\/\/www.europesays.com\/se\/wp-json\/wp\/v2\/types\/post"}],"author":[{"embeddable":true,"href":"https:\/\/www.europesays.com\/se\/wp-json\/wp\/v2\/users\/2"}],"replies":[{"embeddable":true,"href":"https:\/\/www.europesays.com\/se\/wp-json\/wp\/v2\/comments?post=130806"}],"version-history":[{"count":0,"href":"https:\/\/www.europesays.com\/se\/wp-json\/wp\/v2\/posts\/130806\/revisions"}],"wp:featuredmedia":[{"embeddable":true,"href":"https:\/\/www.europesays.com\/se\/wp-json\/wp\/v2\/media\/130807"}],"wp:attachment":[{"href":"https:\/\/www.europesays.com\/se\/wp-json\/wp\/v2\/media?parent=130806"}],"wp:term":[{"taxonomy":"category","embeddable":true,"href":"https:\/\/www.europesays.com\/se\/wp-json\/wp\/v2\/categories?post=130806"},{"taxonomy":"post_tag","embeddable":true,"href":"https:\/\/www.europesays.com\/se\/wp-json\/wp\/v2\/tags?post=130806"}],"curies":[{"name":"wp","href":"https:\/\/api.w.org\/{rel}","templated":true}]}}