{"id":130808,"date":"2026-01-09T15:21:15","date_gmt":"2026-01-09T15:21:15","guid":{"rendered":"https:\/\/www.europesays.com\/se\/130808\/"},"modified":"2026-01-09T15:21:15","modified_gmt":"2026-01-09T15:21:15","slug":"usas-gripande-av-maduro-ar-en-utmarkt-signal-till-diktatorer-skriver-per-bauhn","status":"publish","type":"post","link":"https:\/\/www.europesays.com\/se\/130808\/","title":{"rendered":"USA:s gripande av Maduro \u00e4r en utm\u00e4rkt signal till diktatorer, skriver Per Bauhn"},"content":{"rendered":"<p>Det h\u00e4r \u00e4r en argumenterande text med syfte att p\u00e5verka. \u00c5sikterna som uttrycks \u00e4r skribentens egna.<\/p>\n<p><strong>Det amerikanska <\/strong>bortf\u00f6randet av den venezuelanske diktatorn Nicol\u00e1s Maduro har blivit f\u00f6ruts\u00e4gbart kritiserat f\u00f6r att det \u00e4r of\u00f6renligt med folkr\u00e4tten och den s\u00e5 kallade regelbaserade v\u00e4rldsordningen. P\u00e5 svensk botten har denna kritik framf\u00f6rts av folkr\u00e4ttsprofessorerna Mark Klamberg, P\u00e5l Wrange och Jessica Almqvist. Fr\u00e5n gruppen av f\u00f6re detta ministrar av olika partif\u00e4rg har samma kritik framf\u00f6rts av Morgan Johansson, Carl Bildt, Mikael Odenberg och Jan Eliasson \u2013 den sistn\u00e4mnde \u00e4ven diplomat och en g\u00e5ng i tiden vice generalsekreterare i FN.<\/p>\n","protected":false},"excerpt":{"rendered":"Det h\u00e4r \u00e4r en argumenterande text med syfte att p\u00e5verka. \u00c5sikterna som uttrycks \u00e4r skribentens egna. Det amerikanska&hellip;\n","protected":false},"author":2,"featured_media":130809,"comment_status":"","ping_status":"","sticky":false,"template":"","format":"standard","meta":{"footnotes":""},"categories":[5],"tags":[22,23,26,27,17,21,24,25,28,29,15,16,18,34,31,33,32,30,19,20],"class_list":{"0":"post-130808","1":"post","2":"type-post","3":"status-publish","4":"format-standard","5":"has-post-thumbnail","7":"category-rubriker","8":"tag-breaking-news","9":"tag-breakingnews","10":"tag-featured-news","11":"tag-featurednews","12":"tag-headlines","13":"tag-huvudnyheter","14":"tag-latest-news","15":"tag-latestnews","16":"tag-main-news","17":"tag-mainnews","18":"tag-news","19":"tag-nyheter","20":"tag-rubriker","21":"tag-se","22":"tag-svenska","23":"tag-sverige","24":"tag-sweden","25":"tag-swedish","26":"tag-top-stories","27":"tag-topstories"},"share_on_mastodon":{"url":"https:\/\/pubeurope.com\/@se\/115865824975278329","error":""},"_links":{"self":[{"href":"https:\/\/www.europesays.com\/se\/wp-json\/wp\/v2\/posts\/130808","targetHints":{"allow":["GET"]}}],"collection":[{"href":"https:\/\/www.europesays.com\/se\/wp-json\/wp\/v2\/posts"}],"about":[{"href":"https:\/\/www.europesays.com\/se\/wp-json\/wp\/v2\/types\/post"}],"author":[{"embeddable":true,"href":"https:\/\/www.europesays.com\/se\/wp-json\/wp\/v2\/users\/2"}],"replies":[{"embeddable":true,"href":"https:\/\/www.europesays.com\/se\/wp-json\/wp\/v2\/comments?post=130808"}],"version-history":[{"count":0,"href":"https:\/\/www.europesays.com\/se\/wp-json\/wp\/v2\/posts\/130808\/revisions"}],"wp:featuredmedia":[{"embeddable":true,"href":"https:\/\/www.europesays.com\/se\/wp-json\/wp\/v2\/media\/130809"}],"wp:attachment":[{"href":"https:\/\/www.europesays.com\/se\/wp-json\/wp\/v2\/media?parent=130808"}],"wp:term":[{"taxonomy":"category","embeddable":true,"href":"https:\/\/www.europesays.com\/se\/wp-json\/wp\/v2\/categories?post=130808"},{"taxonomy":"post_tag","embeddable":true,"href":"https:\/\/www.europesays.com\/se\/wp-json\/wp\/v2\/tags?post=130808"}],"curies":[{"name":"wp","href":"https:\/\/api.w.org\/{rel}","templated":true}]}}