{"id":130816,"date":"2026-01-09T15:27:25","date_gmt":"2026-01-09T15:27:25","guid":{"rendered":"https:\/\/www.europesays.com\/se\/130816\/"},"modified":"2026-01-09T15:27:25","modified_gmt":"2026-01-09T15:27:25","slug":"hundratusentals-utan-el-tag-och-flyg-installda","status":"publish","type":"post","link":"https:\/\/www.europesays.com\/se\/130816\/","title":{"rendered":"Hundratusentals utan el \u2013 t\u00e5g och flyg inst\u00e4llda"},"content":{"rendered":"<p class=\"boxtextgrotesk-root_baa6 hyperion-css-7pajle\">Uppdaterad 15.14 | Publicerad 07.22<\/p>\n<p>share-arrowDela<\/p>\n<p>unsaveSpara<\/p>\n<p>chevron-leftf\u00f6reg\u00e5ende<\/p>\n<ul class=\"carousel-container-viewport\" style=\"transform:translate3d(0%, 0, 0)\">\n<li class=\"carousel-slide\" style=\"z-index:1;filter:none(1);padding-bottom:66.68421%\"><img decoding=\"async\" class=\"image-asset hyperion-css-u06ts1\" data-test-tag=\"image-asset\" src=\"https:\/\/www.europesays.com\/se\/wp-content\/uploads\/2026\/01\/3010cdeb-b29f-4cfc-9d6a-454bf7a62f45.jpeg\"  alt=\"\"  fetchpriority=\"auto\" style=\"aspect-ratio:1900 \/ 1267\"\/><\/li>\n<li class=\"carousel-slide\" style=\"filter:none(0.3);padding-bottom:66.68421%\"><img decoding=\"async\" class=\"image-asset hyperion-css-u06ts1\" data-test-tag=\"image-asset\" src=\"https:\/\/www.europesays.com\/se\/wp-content\/uploads\/2026\/01\/cf90cf75-6c24-4b66-b7ef-6815f95a6eb5.jpeg\"  alt=\"\"  fetchpriority=\"auto\" style=\"aspect-ratio:1900 \/ 1267\"\/><\/li>\n<\/ul>\n<p>expand-left<\/p>\n<p>helsk\u00e4rmchevron-rightn\u00e4staSn\u00f6r\u00f6jning i Hamburg p\u00e5 fredagen.<\/p>\n<p>1 \/ 2Foto: Christian Charisius\/Dpa Via AP\/TT<\/p>\n<p class=\"hyperion-css-1shl3oz\" data-test-tag=\"lead-text\">T\u00e5gen mellan Danmark och Tyskland st\u00e4lls in och hundratusentals hush\u00e5ll i nordv\u00e4stra Europa \u00e4r str\u00f6ml\u00f6sa till f\u00f6ljd av stormen Gorettis framfart. I Frankrike har ett k\u00e4rnkraftverk st\u00e4ngts.<\/p>\n<p class=\"hyperion-css-1v9qo5x\">Str\u00f6mavbrotten drabbar i f\u00f6rsta hand norra Frankrike, d\u00e4r antalet kunder utan el tidvis varit uppe n\u00e4ra 400\u00a0000. V\u00e4rst \u00e4r det i Normandie, men \u00e4ven regionerna Bretagne, Picardie och \u00cele-de-France omfattas, uppger eln\u00e4tsoperat\u00f6ren Enedis enligt franska medier.<\/p>\n<p class=\"hyperion-css-1v9qo5x\">Operat\u00f6ren EDF meddelade att Flamanville, Frankrikes fj\u00e4rde st\u00f6rsta atomkraftverk, vid kanalkusten st\u00e4ngs, p\u00e5 grund av att det inte \u00e4r tillr\u00e4ckligt s\u00e4kert f\u00f6r personalen att ta sig till och fr\u00e5n jobbet.<\/p>\n<p class=\"hyperion-css-1v9qo5x\">T\u00e5gtrafiken p\u00e5verkas ocks\u00e5 i flera l\u00e4nder. \u201dP\u00e5 grund av v\u00e4dersituationen \u00e4r fj\u00e4rrtrafiken inst\u00e4lld i hela norra Tyskland\u201d, skriver den stora operat\u00f6ren Deutsche Bahn (DB) i Tyskland. Bland de linjer som omfattas finns K\u00f6penhamn-Hamburg, Hamburg-Berlin och Berlin-Hannover, enligt DB.<\/p>\n<p class=\"hyperion-css-1v9qo5x\">Brittiska Network Rail beskriver det som att \u201dmycket intensivt tungt sn\u00f6ande\u201d dragit in \u00f6ver delar av England och Wales. Folk avr\u00e5ds fr\u00e5n att f\u00f6rs\u00f6ka resa i bland annat Birmingham-omr\u00e5det, och \u201den del linjer kan f\u00f6rbli st\u00e4ngda till l\u00f6rdagen\u201d.<\/p>\n<p class=\"hyperion-css-1v9qo5x\">\u00c4ven flyget p\u00e5verkades, med tiotals inst\u00e4llda avg\u00e5ngar vid flygnavet Heathrow och p\u00e5 andra h\u00e5ll i England.<\/p>\n<p class=\"hyperion-css-1v9qo5x\">En r\u00f6d varning, den h\u00f6gsta niv\u00e5n, utf\u00e4rdades av brittiska Met Office f\u00f6r farliga vindar p\u00e5 Scilly\u00f6arna och Cornwall i sydv\u00e4st. Den s\u00e4nktes under fredagen till gul niv\u00e5.<\/p>\n","protected":false},"excerpt":{"rendered":"Uppdaterad 15.14 | Publicerad 07.22 share-arrowDela unsaveSpara chevron-leftf\u00f6reg\u00e5ende expand-left helsk\u00e4rmchevron-rightn\u00e4staSn\u00f6r\u00f6jning i Hamburg p\u00e5 fredagen. 1 \/ 2Foto: Christian&hellip;\n","protected":false},"author":2,"featured_media":130817,"comment_status":"","ping_status":"","sticky":false,"template":"","format":"standard","meta":{"footnotes":""},"categories":[14],"tags":[22,23,26,27,17,21,24,25,28,29,15,16,18,34,31,33,32,30,19,20,51,52,53,54],"class_list":{"0":"post-130816","1":"post","2":"type-post","3":"status-publish","4":"format-standard","5":"has-post-thumbnail","7":"category-varlden","8":"tag-breaking-news","9":"tag-breakingnews","10":"tag-featured-news","11":"tag-featurednews","12":"tag-headlines","13":"tag-huvudnyheter","14":"tag-latest-news","15":"tag-latestnews","16":"tag-main-news","17":"tag-mainnews","18":"tag-news","19":"tag-nyheter","20":"tag-rubriker","21":"tag-se","22":"tag-svenska","23":"tag-sverige","24":"tag-sweden","25":"tag-swedish","26":"tag-top-stories","27":"tag-topstories","28":"tag-varlden","29":"tag-world","30":"tag-world-news","31":"tag-worldnews"},"share_on_mastodon":{"url":"https:\/\/pubeurope.com\/@se\/115865848659705086","error":""},"_links":{"self":[{"href":"https:\/\/www.europesays.com\/se\/wp-json\/wp\/v2\/posts\/130816","targetHints":{"allow":["GET"]}}],"collection":[{"href":"https:\/\/www.europesays.com\/se\/wp-json\/wp\/v2\/posts"}],"about":[{"href":"https:\/\/www.europesays.com\/se\/wp-json\/wp\/v2\/types\/post"}],"author":[{"embeddable":true,"href":"https:\/\/www.europesays.com\/se\/wp-json\/wp\/v2\/users\/2"}],"replies":[{"embeddable":true,"href":"https:\/\/www.europesays.com\/se\/wp-json\/wp\/v2\/comments?post=130816"}],"version-history":[{"count":0,"href":"https:\/\/www.europesays.com\/se\/wp-json\/wp\/v2\/posts\/130816\/revisions"}],"wp:featuredmedia":[{"embeddable":true,"href":"https:\/\/www.europesays.com\/se\/wp-json\/wp\/v2\/media\/130817"}],"wp:attachment":[{"href":"https:\/\/www.europesays.com\/se\/wp-json\/wp\/v2\/media?parent=130816"}],"wp:term":[{"taxonomy":"category","embeddable":true,"href":"https:\/\/www.europesays.com\/se\/wp-json\/wp\/v2\/categories?post=130816"},{"taxonomy":"post_tag","embeddable":true,"href":"https:\/\/www.europesays.com\/se\/wp-json\/wp\/v2\/tags?post=130816"}],"curies":[{"name":"wp","href":"https:\/\/api.w.org\/{rel}","templated":true}]}}