{"id":130818,"date":"2026-01-09T15:28:07","date_gmt":"2026-01-09T15:28:07","guid":{"rendered":"https:\/\/www.europesays.com\/se\/130818\/"},"modified":"2026-01-09T15:28:07","modified_gmt":"2026-01-09T15:28:07","slug":"flygets-utslapp-kan-halveras-med-atgarder-som-redan-finns","status":"publish","type":"post","link":"https:\/\/www.europesays.com\/se\/130818\/","title":{"rendered":"Flygets utsl\u00e4pp kan halveras \u2013 med \u00e5tg\u00e4rder som redan finns"},"content":{"rendered":"<p>Globala utsl\u00e4pp fr\u00e5n flygtrafiken kan minska med upp till 50\u201375 procent genom att anv\u00e4nda flygplanen smartare, visar en ny studie. Det handlar inte om nya br\u00e4nslen eller f\u00e4rre flygningar, utan om att ta vara p\u00e5 effektivitet som redan finns.<\/p>\n<p>Forskare vid Linn\u00e9universitetet och Oxfords universitet i Storbritannien har analyserat \u00f6ver 27 miljoner flygningar fr\u00e5n 2023 som omfattade runt 3,5 miljarder passagerare och funnit stora skillnader i hur mycket koldioxid olika flyg producerar. <\/p>\n<p>Vissa rutter sl\u00e4pper ut upp till 30 g\u00e5nger mer per passagerare \u00e4n de mest effektiva.<\/p>\n<p>Studien pekar ut tre \u00e5tg\u00e4rder med som skulle kunna ge stor effekt p\u00e5 flygtrafikens utsl\u00e4pp: <\/p>\n<ol class=\"wp-block-list\">\n<li>Att flyga med de mest br\u00e4nsleeffektiva flygplanen <\/li>\n<li>Att prioritera ekonomiklass framf\u00f6r premiumklasser<\/li>\n<li>Att fylla planen b\u00e4ttre.<\/li>\n<\/ol>\n<p>Bara genom att anv\u00e4nda de effektivaste flygplanen som redan finns i flygbolagens flottor kan utsl\u00e4ppen minska med omkring 11 procent direkt.<\/p>\n<p>\u2013 Vi kan minska flygets utsl\u00e4pp kraftigt redan i dag, utan att v\u00e4nta p\u00e5 framtida teknik, s\u00e4ger Stefan G\u00f6ssling, <a class=\"glossaryLink\" aria-describedby=\"tt\" data-cmtooltip=\"&lt;div class=glossaryItemBody&gt; Professor \u00e4r den h\u00f6gsta titeln p\u00e5 universitet eller h\u00f6gskola. Professorn forskar, undervisar och handleder doktorander.&lt;br\/&gt;I  ...&lt;\/div&gt;&lt;div class=glossaryTooltipMoreLinkWrapper&gt;&lt;a class=glossaryTooltipMoreLink href=https:\/\/forskning.se\/ordlista\/professor\/ &gt;L\u00e4s mer&lt;\/a&gt;&lt;\/div&gt;\" href=\"https:\/\/forskning.se\/ordlista\/professor\/\" data-mobile-support=\"0\" data-gt-translate-attributes=\"[{\" attribute=\"\" tabindex=\"0\" role=\"link\" rel=\"nofollow noopener\" target=\"_blank\">professor<\/a> i turismvetenskap vid Linn\u00e9universitetet, i ett pressmeddelande.<\/p>\n<p>Fler platser i ekonomiplats kan g\u00f6ra skillnad<\/p>\n<p>Forskarna visar att business\u2013 och f\u00f6rstaklassplatser tar betydligt mer utrymme och d\u00e4rmed ger h\u00f6gre utsl\u00e4pp per passagerare. Fler s\u00e4ten i ekonomiklass och h\u00f6gre bel\u00e4ggning kan d\u00e4rf\u00f6r g\u00f6ra stor skillnad.<\/p>\n<p>\u00c5r 2023 varierade passagerarbel\u00e4ggningen p\u00e5 flygplan mellan 20 och 100 procent, med ett genomsnitt p\u00e5 79 procent. Om den genomsnittliga bel\u00e4ggningen skulle \u00f6ka till 95 procent skulle utsl\u00e4ppen minskas med omkring 16 procent.<\/p>\n<p>Studien f\u00f6resl\u00e5r att politiska styrmedel, som utsl\u00e4ppsbetyg och differentierade avgifter, kan bidra till att p\u00e5skynda omst\u00e4llningen mot ett mer klimatsmart flyg.<\/p>\n<p>\u2013 Effektivare flyg \u00e4r inte bara bra f\u00f6r klimatet, utan ocks\u00e5 kan vara ekonomiskt f\u00f6rdelaktigt f\u00f6r flygbolagen. Trots det anv\u00e4nder flygbolagen fortfarande m\u00e5nga \u00e4ldre och mindre effektiva flygplan, avslutar Stefan G\u00f6ssling.<\/p>\n<p>Vetenskaplig artikel:<\/p>\n<p><a href=\"https:\/\/doi.org\/10.1038\/s43247-025-03069-4\" rel=\"nofollow noopener\" target=\"_blank\">Large carbon dioxide emissions avoidance potential in improved commercial air transport efficiency<\/a>, Nature Communications Earth &amp; Environment.<\/p>\n","protected":false},"excerpt":{"rendered":"Globala utsl\u00e4pp fr\u00e5n flygtrafiken kan minska med upp till 50\u201375 procent genom att anv\u00e4nda flygplanen smartare, visar en&hellip;\n","protected":false},"author":2,"featured_media":130819,"comment_status":"","ping_status":"","sticky":false,"template":"","format":"standard","meta":{"footnotes":""},"categories":[12],"tags":[22,23,26,27,17,21,24,25,28,29,15,505,16,18,34,31,33,32,30,19,20],"class_list":{"0":"post-130818","1":"post","2":"type-post","3":"status-publish","4":"format-standard","5":"has-post-thumbnail","7":"category-sverige","8":"tag-breaking-news","9":"tag-breakingnews","10":"tag-featured-news","11":"tag-featurednews","12":"tag-headlines","13":"tag-huvudnyheter","14":"tag-latest-news","15":"tag-latestnews","16":"tag-main-news","17":"tag-mainnews","18":"tag-news","19":"tag-nyhet","20":"tag-nyheter","21":"tag-rubriker","22":"tag-se","23":"tag-svenska","24":"tag-sverige","25":"tag-sweden","26":"tag-swedish","27":"tag-top-stories","28":"tag-topstories"},"share_on_mastodon":{"url":"https:\/\/pubeurope.com\/@se\/115865852582762882","error":""},"_links":{"self":[{"href":"https:\/\/www.europesays.com\/se\/wp-json\/wp\/v2\/posts\/130818","targetHints":{"allow":["GET"]}}],"collection":[{"href":"https:\/\/www.europesays.com\/se\/wp-json\/wp\/v2\/posts"}],"about":[{"href":"https:\/\/www.europesays.com\/se\/wp-json\/wp\/v2\/types\/post"}],"author":[{"embeddable":true,"href":"https:\/\/www.europesays.com\/se\/wp-json\/wp\/v2\/users\/2"}],"replies":[{"embeddable":true,"href":"https:\/\/www.europesays.com\/se\/wp-json\/wp\/v2\/comments?post=130818"}],"version-history":[{"count":0,"href":"https:\/\/www.europesays.com\/se\/wp-json\/wp\/v2\/posts\/130818\/revisions"}],"wp:featuredmedia":[{"embeddable":true,"href":"https:\/\/www.europesays.com\/se\/wp-json\/wp\/v2\/media\/130819"}],"wp:attachment":[{"href":"https:\/\/www.europesays.com\/se\/wp-json\/wp\/v2\/media?parent=130818"}],"wp:term":[{"taxonomy":"category","embeddable":true,"href":"https:\/\/www.europesays.com\/se\/wp-json\/wp\/v2\/categories?post=130818"},{"taxonomy":"post_tag","embeddable":true,"href":"https:\/\/www.europesays.com\/se\/wp-json\/wp\/v2\/tags?post=130818"}],"curies":[{"name":"wp","href":"https:\/\/api.w.org\/{rel}","templated":true}]}}