{"id":130820,"date":"2026-01-09T15:29:22","date_gmt":"2026-01-09T15:29:22","guid":{"rendered":"https:\/\/www.europesays.com\/se\/130820\/"},"modified":"2026-01-09T15:29:22","modified_gmt":"2026-01-09T15:29:22","slug":"varje-timme-pa-x-ar-en-forlorad-timme-for-att-bygga-nagot-battr","status":"publish","type":"post","link":"https:\/\/www.europesays.com\/se\/130820\/","title":{"rendered":"Varje timme p\u00e5 X \u00e4r en f\u00f6rlorad timme f\u00f6r att bygga n\u00e5got b\u00e4ttr"},"content":{"rendered":"<p>K\u00e4ra X-anv\u00e4ndare, jag saknar ocks\u00e5 Twitter. Det var en underbar plats. Ett vardagsrum f\u00f6r intellektuell wittiness, kan man s\u00e4ga. Ett rum d\u00e4r man inte beh\u00f6vde vara extrovert eller snygg f\u00f6r att n\u00e5 ut, utan lika g\u00e4rna kunde vara blyg och ful. Twitter var snabbt, smart, kul och mysigt.\u00a0<\/p>\n<p>Men Twitter finns inte mer. Sedan en tid tillbaka heter det X, och X \u00e4r vidrigt, nu mer \u00e4n n\u00e5gonsin. Inte nog med att plattformen premierar h\u00f6gerextremt inneh\u00e5ll medan den nedprioriterar den hyfsat grundl\u00e4ggande parametern sanningen \u2013 nu kan X addera \u201dbarnpornografi\u201d till sin inneh\u00e5llsf\u00f6rteckning.<\/p>\n<p><b>Det \u00e4r allts\u00e5 Elon Musk:s<\/b> AI-bot Grok som genererat avkl\u00e4dda bilder p\u00e5 vad anv\u00e4ndarna \u00e4n ber om, vilket bland annat inkluderat en barnsk\u00e5despelerska, och nu senast den kvinnliga poet som m\u00f6rdades av Ice, den amerikanska migrationspolisen. R\u00e4tt formulering \u00e4r egentligen denna: Elon Musk och plattformens \u00f6vriga ansvariga l\u00e5ter Grok generera avkl\u00e4dda bilder, inklusive barnpornografiska s\u00e5dana.\u00a0<\/p>\n<p>Antagligen \u00e4r det bara en tidsfr\u00e5ga tills denna text n\u00e5r n\u00e5gon av mina icke-fans och en AI-genererad nakenbild p\u00e5 mig finns f\u00f6r allm\u00e4n besk\u00e5dan p\u00e5 internet. Vad kan jag g\u00f6ra d\u00e5? Vad har jag f\u00f6r juridiska m\u00f6jligheter om v\u00e4rldens rikaste man l\u00e5ter sin AI f\u00f6rnedra mig och andra som uts\u00e4tts? Och vem st\u00e4lls till svars? Enskilda individer kan d\u00f6mas, s\u00e4ger jurister, men ska inte ansvaret ocks\u00e5 ligga p\u00e5 den som m\u00f6jligg\u00f6r \u00f6vergreppet? Dessutom \u00e4r det en liten tr\u00f6st n\u00e4r skadan redan \u00e4r skedd, s\u00e4rskilt om vi pratar barn.<\/p>\n<p><b>Som internetanv\u00e4ndare <\/b>f\u00e5r man b\u00f6rja med att fr\u00e5ga sig sj\u00e4lv om det h\u00e4r \u00e4r n\u00e5got man vill bidra till. Jag vill s\u00e5klart inte det. Och jag fattade beslutet att l\u00e4mna X f\u00f6r snart ett \u00e5r sedan. Det blev snabbt tydligt att jag inte ville bidra till Elon Musks absurda projekt \u2013 som jag numera gladeligen kallar X, eftersom det vore att sv\u00e4rta ner minnet av Twitter att anv\u00e4nda det gamla namnet.\u00a0<\/p>\n<p>Men mitt konto \u00e4r kvar, mest av nostalgiska sk\u00e4l. Men ocks\u00e5 f\u00f6r att jag \u2013 tyv\u00e4rr \u2013 m\u00e5ste g\u00e5 in d\u00e4r ibland i min yrkesroll. F\u00f6r det klandrar jag bland annat en l\u00e5ng rad svenska politiker. M\u00e5nga av dem v\u00e4grar n\u00e4mligen sl\u00e4ppa taget om X. Tv\u00e4rtom \u00e4r det flera politikers favoritkanal, inte minst bland Tid\u00f6regeringens statsr\u00e5d. Ministrar som Ulf Kristerssson (M), Maria Malmer Stenergard (M) och Carl-Oskar Bohlin (M) \u00e4r flitiga X-anv\u00e4ndare. De kommunicerar nyheter, kommenterar aktuella h\u00e4ndelser, ibland bara d\u00e4r.<\/p>\n<p><b>Besattheten vid denna kanal<\/b> \u00e4r sedan l\u00e4nge ett demokratiskt problem. Dels eftersom de som tillbringar f\u00f6r mycket tid p\u00e5 plattformen tycks utveckla en f\u00f6rvr\u00e4ngd v\u00e4rldsbild, pr\u00e4glad av konspirationsteorier och kulturkrig. Dels eftersom det flera g\u00e5nger p\u00e5visats att X har stora s\u00e4kerhetsproblem.\u00a0<\/p>\n<blockquote><p>Var g\u00e5r gr\u00e4nsen? N\u00e4r v\u00e4ger nackdelarna \u00f6ver f\u00f6rdelarna?<\/p><\/blockquote>\n<p>Fr\u00e5gan \u00e4r d\u00e4rmed inte ny, men har blivit mer pressande sedan Grok b\u00f6rjade spotta ur sig barnporr: Var g\u00e5r gr\u00e4nsen? N\u00e4r v\u00e4ger nackdelarna \u00f6ver f\u00f6rdelarna? Antalet politiker och journalister som inte v\u00e5gar st\u00e4lla sig dessa fr\u00e5gor, eller som bed\u00f6mer att f\u00f6rdelarna v\u00e4ger tyngre, \u00e4r orov\u00e4ckande.\u00a0<\/p>\n<p>Flera forskare beskriver X som en oseri\u00f6s, antidemokratisk plattform som politiker borde h\u00e5lla sig fr\u00e5n. Rise-forskaren Carl Heath s\u00e4ger till <a href=\"https:\/\/www.gp.se\/politik\/fejkade-bikinibilder-pa-ebba-busch-sprids-plattformen-ar-problematisk.1bf397c8-814d-4733-927e-e20b17cef79d\" rel=\"nofollow noopener\" target=\"_blank\">GP<\/a>:<\/p>\n<p>\u2013 Plattformen \u00e4r problematisk eftersom den inte \u00e4r den grundl\u00e4ggande neutrala arenan vi vill att det ska vara. \u00c4garen Elon Musk har en egen politisk agenda, och har gett sig in i val i olika l\u00e4nder, med en h\u00f6gerextrem opinionsbildning. Plattformen gynnar ocks\u00e5 h\u00f6gerextremt inneh\u00e5ll, vilket \u00e4r som att bara ge vissa personer en megafon.<\/p>\n<p><b>Argumenten bland de <\/b>vettiga kvarvarande anv\u00e4ndarna \u2013 allts\u00e5 inte h\u00f6gerextrema troll och andra som trivs som fisken i vattnet denna ekokammare \u2013 kretsar ofta kring oviljan att l\u00e4mna walkover. Men vad vinner man p\u00e5 att vara d\u00e4r? De som h\u00e5ller med finns p\u00e5 andra h\u00e5ll, och de som inte g\u00f6r det l\u00e4r knappast \u00e4ndra uppfattning \u2013 eller har jag missat att horder av arga h\u00f6germ\u00e4n blivit fr\u00e4lsta av v\u00e4nstern p\u00e5 X?\u00a0<\/p>\n<p>Ett annat argument<b> <\/b>\u00e4r att X \u00e4r en bra plats att hitta nyheter. Men vilken sorts nyheter pratar vi om? I v\u00e5rt nyhetsarbete borde vi \u00e4nd\u00e5 f\u00e4sta mindre vikt vid de perspektiv som frodas p\u00e5 X, \u00e5tminstone de som sprids av plattformens dominerande krafter.\u00a0<\/p>\n<p>Och journalisterna kan ju faktiskt logga ut och logga in n\u00e5gon annanstans. M\u00e5nga har redan gjort det: Bluesky \u00e4r p\u00e5 god v\u00e4g att bli den rimliga nyhetsk\u00e4lla Twitter en g\u00e5ng var.\u00a0<\/p>\n<p><b>Det \u00e4r inte l\u00e4tt att veta <\/b>vad som \u00e4r r\u00e4tt i denna absurda samtid. Uppm\u00e4rksamhetsekonomin \u00e4r kr\u00e4vande. Jag \u00e4r medveten om och \u00f6dmjuk inf\u00f6r b\u00e5da dessa utmaningar. Men nu \u00e4r det l\u00e4ge att g\u00e5 tillbaka till k\u00e4rnan, till v\u00e4rderingarna, och fr\u00e5ga: Vad vill jag bidra till? Var vill jag att min r\u00f6st ska h\u00f6ras, min bild ska synas, mina visningar r\u00e4knas?\u00a0<\/p>\n<p>Vi \u00e4r m\u00e5nga som har kritiserat politiker och profiler som medverkat i kontroversiella forum med argumentet att det \u00e4r att legitimera en ol\u00e4mplig avs\u00e4ndare. Den regeln b\u00f6r rimligen g\u00e4lla oss \u2013 annars f\u00e5r vi sluta h\u00e5lla den mot andra. Jag vill personligen inte se mer progressiva profiler i ytterh\u00f6gerns gyttja, inte bara f\u00f6r att det \u00e4r moraliskt fel att stanna d\u00e4r, utan f\u00f6r att det hindrar ett bygge av n\u00e5got nytt och b\u00e4ttre: n\u00e5got som liknar det som Twitter var.\u00a0<\/p>\n","protected":false},"excerpt":{"rendered":"K\u00e4ra X-anv\u00e4ndare, jag saknar ocks\u00e5 Twitter. Det var en underbar plats. Ett vardagsrum f\u00f6r intellektuell wittiness, kan man&hellip;\n","protected":false},"author":2,"featured_media":130821,"comment_status":"","ping_status":"","sticky":false,"template":"","format":"standard","meta":{"footnotes":""},"categories":[5],"tags":[22,23,26,27,17,21,24,25,28,29,15,16,18,34,31,33,32,30,19,20],"class_list":{"0":"post-130820","1":"post","2":"type-post","3":"status-publish","4":"format-standard","5":"has-post-thumbnail","7":"category-rubriker","8":"tag-breaking-news","9":"tag-breakingnews","10":"tag-featured-news","11":"tag-featurednews","12":"tag-headlines","13":"tag-huvudnyheter","14":"tag-latest-news","15":"tag-latestnews","16":"tag-main-news","17":"tag-mainnews","18":"tag-news","19":"tag-nyheter","20":"tag-rubriker","21":"tag-se","22":"tag-svenska","23":"tag-sverige","24":"tag-sweden","25":"tag-swedish","26":"tag-top-stories","27":"tag-topstories"},"share_on_mastodon":{"url":"https:\/\/pubeurope.com\/@se\/115865856413310242","error":""},"_links":{"self":[{"href":"https:\/\/www.europesays.com\/se\/wp-json\/wp\/v2\/posts\/130820","targetHints":{"allow":["GET"]}}],"collection":[{"href":"https:\/\/www.europesays.com\/se\/wp-json\/wp\/v2\/posts"}],"about":[{"href":"https:\/\/www.europesays.com\/se\/wp-json\/wp\/v2\/types\/post"}],"author":[{"embeddable":true,"href":"https:\/\/www.europesays.com\/se\/wp-json\/wp\/v2\/users\/2"}],"replies":[{"embeddable":true,"href":"https:\/\/www.europesays.com\/se\/wp-json\/wp\/v2\/comments?post=130820"}],"version-history":[{"count":0,"href":"https:\/\/www.europesays.com\/se\/wp-json\/wp\/v2\/posts\/130820\/revisions"}],"wp:featuredmedia":[{"embeddable":true,"href":"https:\/\/www.europesays.com\/se\/wp-json\/wp\/v2\/media\/130821"}],"wp:attachment":[{"href":"https:\/\/www.europesays.com\/se\/wp-json\/wp\/v2\/media?parent=130820"}],"wp:term":[{"taxonomy":"category","embeddable":true,"href":"https:\/\/www.europesays.com\/se\/wp-json\/wp\/v2\/categories?post=130820"},{"taxonomy":"post_tag","embeddable":true,"href":"https:\/\/www.europesays.com\/se\/wp-json\/wp\/v2\/tags?post=130820"}],"curies":[{"name":"wp","href":"https:\/\/api.w.org\/{rel}","templated":true}]}}