{"id":130822,"date":"2026-01-09T15:31:23","date_gmt":"2026-01-09T15:31:23","guid":{"rendered":"https:\/\/www.europesays.com\/se\/130822\/"},"modified":"2026-01-09T15:31:23","modified_gmt":"2026-01-09T15:31:23","slug":"guillermo-molins-tillbaka-i-malmo-ff-som-tranare","status":"publish","type":"post","link":"https:\/\/www.europesays.com\/se\/130822\/","title":{"rendered":"Guillermo Molins tillbaka i Malm\u00f6 FF \u2013 som tr\u00e4nare"},"content":{"rendered":"<p>Publicerad 9 jan 2026 kl 14.13Uppdaterad kl 15.07<\/p>\n<p>Guillermo Molins \u00e4r tillbaka i Malm\u00f6 FF.<\/p>\n<p>Som assisterande tr\u00e4nare.<\/p>\n<p>\u2013 Jag f\u00f6rstod r\u00e4tt fort vad det g\u00e4llde n\u00e4r Danne h\u00f6rde av sig, s\u00e4ger han.<\/p>\n<p><img   alt=\"\"\/> <\/p>\n<p>Foto: PETTER ARVIDSON \/ BILDBYR\u00c5N<\/p>\n<p>\u00d6ppna bild i helsk\u00e4rm<\/p>\n<p>Som spelare vann <a href=\"https:\/\/www.expressen.se\/tagg\/person\/guillermo-molins\/\" class=\"\" rel=\"nofollow noopener\" target=\"_blank\">Guillermo Molins<\/a>, 37, fem SM-guld med Malm\u00f6 FF innan han avslutade karri\u00e4ren i Sarpsborg 2023.<\/p>\n<p>Nu \u00e4r den tidigare lagkaptenen och guldhj\u00e4lten tillbaka i MFF \u2013 som tr\u00e4nare.<\/p>\n<p>Under fredagen meddelar f\u00f6reningen p\u00e5 <a href=\"https:\/\/www.mff.se\/nyheter\/guillermo-molins-ny-assisterande-tranare-i-herrlaget-2026-01-09\/\" rel=\"nofollow noopener\" target=\"_blank\">sin hemsida<\/a> att \u201dGische\u201d \u00e4r klar som assisterande tr\u00e4nare i A-laget.\u00a0<\/p>\n<p>Daniel Andersson har f\u00f6ljt Molins under hans f\u00f6rsta \u00e5r som tr\u00e4nare, f\u00f6rst i Sarpsborg och senast i Landskrona Bois.<\/p>\n<p>\u2013 Vi har sett att han har tagit kliv i sin utveckling som tr\u00e4nare. B\u00e5de fotbollsm\u00e4ssigt men \u00e4ven som ledare. Vi tror att hans egenskaper som tr\u00e4nare och hans l\u00e5nga erfarenhet av Malm\u00f6 FF som f\u00f6rening kommer komplettera Miguels ledarstab p\u00e5 ett v\u00e4ldigt bra s\u00e4tt, s\u00e4ger Daniel Andersson till MFF:s hemsida.<\/p>\n<p>Molins tillbaka i MFF: \u201dSom ett hem\u201d<\/p>\n<p>Molins \u00e5terv\u00e4nder till ett sammanhang som betyder v\u00e4ldigt mycket f\u00f6r honom.<\/p>\n<p>\u2013 Emellan\u00e5t har jag f\u00f6rs\u00f6kt spela ner mina k\u00e4nslor f\u00f6r Malm\u00f6 FF, men det g\u00e5r inte. Jag har alltid sagt att f\u00f6reningen betyder extremt mycket f\u00f6r mig. Det \u00e4r som ett hem f\u00f6r mig. N\u00e4r man har varit h\u00e4rifr\u00e5n ett tag s\u00e5 m\u00e4rker man hur mycket f\u00f6reningen v\u00e4xer. Nu n\u00e4r 2026 startar k\u00e4nns det som att det g\u00e5r ett startskott f\u00f6r n\u00e5got nytt, och jag tror att det \u00e4r ett bra tillf\u00e4lle f\u00f6r mig att \u00e5terv\u00e4nda. H\u00e4r finns nya influenser och nya tankar.<\/p>\n<p>Han forts\u00e4tter:<\/p>\n<p>\u2013 Nu ska jag f\u00f6rst och fr\u00e4mst l\u00e4ra k\u00e4nna staben kring laget. Det ska bli v\u00e4ldigt intressant att s\u00e4tta sig in lite djupare i Miguels s\u00e4tt att se p\u00e5 fotboll och hur han vill f\u00f6rdela olika uppgifter och roller. Miguel verkar vara en rak ledare med en tydlig id\u00e9. Jag tror det h\u00e4r kommer bli en bra m\u00f6jlighet f\u00f6r mig att l\u00e4ra mig hur han ser p\u00e5 fotboll. Som tr\u00e4nare blir du aldrig f\u00e4rdigl\u00e4rd, man m\u00e5ste inse att man kan l\u00e4ra sig v\u00e4ldigt mycket av v\u00e4ldigt m\u00e5nga olika m\u00e4nniskor. Jag tror att Miguel kan inspirera mig.<\/p>\n","protected":false},"excerpt":{"rendered":"Publicerad 9 jan 2026 kl 14.13Uppdaterad kl 15.07 Guillermo Molins \u00e4r tillbaka i Malm\u00f6 FF. Som assisterande tr\u00e4nare.&hellip;\n","protected":false},"author":2,"featured_media":130823,"comment_status":"","ping_status":"","sticky":false,"template":"","format":"standard","meta":{"footnotes":""},"categories":[68],"tags":[358,13431,34,130,129,111,110,31,33,32,30],"class_list":{"0":"post-130822","1":"post","2":"type-post","3":"status-publish","4":"format-standard","5":"has-post-thumbnail","7":"category-sport","8":"tag-organization-malmo-ff","9":"tag-person-guillermo-molins","10":"tag-se","11":"tag-sections-allsvenskan","12":"tag-sections-fotboll","13":"tag-sport","14":"tag-sports","15":"tag-svenska","16":"tag-sverige","17":"tag-sweden","18":"tag-swedish"},"share_on_mastodon":{"url":"https:\/\/pubeurope.com\/@se\/115865864272998907","error":""},"_links":{"self":[{"href":"https:\/\/www.europesays.com\/se\/wp-json\/wp\/v2\/posts\/130822","targetHints":{"allow":["GET"]}}],"collection":[{"href":"https:\/\/www.europesays.com\/se\/wp-json\/wp\/v2\/posts"}],"about":[{"href":"https:\/\/www.europesays.com\/se\/wp-json\/wp\/v2\/types\/post"}],"author":[{"embeddable":true,"href":"https:\/\/www.europesays.com\/se\/wp-json\/wp\/v2\/users\/2"}],"replies":[{"embeddable":true,"href":"https:\/\/www.europesays.com\/se\/wp-json\/wp\/v2\/comments?post=130822"}],"version-history":[{"count":0,"href":"https:\/\/www.europesays.com\/se\/wp-json\/wp\/v2\/posts\/130822\/revisions"}],"wp:featuredmedia":[{"embeddable":true,"href":"https:\/\/www.europesays.com\/se\/wp-json\/wp\/v2\/media\/130823"}],"wp:attachment":[{"href":"https:\/\/www.europesays.com\/se\/wp-json\/wp\/v2\/media?parent=130822"}],"wp:term":[{"taxonomy":"category","embeddable":true,"href":"https:\/\/www.europesays.com\/se\/wp-json\/wp\/v2\/categories?post=130822"},{"taxonomy":"post_tag","embeddable":true,"href":"https:\/\/www.europesays.com\/se\/wp-json\/wp\/v2\/tags?post=130822"}],"curies":[{"name":"wp","href":"https:\/\/api.w.org\/{rel}","templated":true}]}}