{"id":130826,"date":"2026-01-09T15:35:16","date_gmt":"2026-01-09T15:35:16","guid":{"rendered":"https:\/\/www.europesays.com\/se\/130826\/"},"modified":"2026-01-09T15:35:16","modified_gmt":"2026-01-09T15:35:16","slug":"malmer-stenergard-m-stottar-demonstranterna-i-iran","status":"publish","type":"post","link":"https:\/\/www.europesays.com\/se\/130826\/","title":{"rendered":"Malmer Stenergard (M): St\u00f6ttar demonstranterna i Iran"},"content":{"rendered":"<p>Utrikesministern skriver att Sverige f\u00f6rd\u00f6mer \u201dalla former av v\u00e5ld och f\u00f6rtryck mot fredliga protester.\u201d<\/p>\n<p>\u201dFredliga demonstrationer och folkets legitima krav m\u00e5ste bem\u00f6tas med dialog, inte med v\u00e5ld. Sverige st\u00f6ttar de modiga iranska kvinnor och m\u00e4n som \u00e5terigen demonstrerar p\u00e5 gatorna f\u00f6r sin frihet och f\u00f6r att deras m\u00e4nskliga r\u00e4ttigheter ska respekteras.\u201d<\/p>\n<p>Kristersson: Sverige f\u00f6rd\u00f6mer<\/p>\n<p>P\u00e5 torsdagskv\u00e4llen f\u00f6rd\u00f6mde statsminister Ulf Kristersson (M) den iranska regimens agerande.<\/p>\n<p>\u201dSverige f\u00f6rd\u00f6mer alla f\u00f6rs\u00f6k att sl\u00e5 ner de fredliga protesterna\u201d, skriver han p\u00e5 X och beskriver protesterna som en modig frihetskamp.<\/p>\n<p>\u201dSj\u00e4lvklara krav p\u00e5 frihet och en b\u00e4ttre framtid kan aldrig i l\u00e4ngden tystas med v\u00e5ld och f\u00f6rtryck.\u201d<\/p>\n<p>Texten uppdateras.<\/p>\n","protected":false},"excerpt":{"rendered":"Utrikesministern skriver att Sverige f\u00f6rd\u00f6mer \u201dalla former av v\u00e5ld och f\u00f6rtryck mot fredliga protester.\u201d \u201dFredliga demonstrationer och folkets&hellip;\n","protected":false},"author":2,"featured_media":793,"comment_status":"","ping_status":"","sticky":false,"template":"","format":"standard","meta":{"footnotes":""},"categories":[14],"tags":[22,23,26,27,17,21,24,25,28,29,15,16,18,34,31,33,32,30,19,20,51,52,53,54],"class_list":{"0":"post-130826","1":"post","2":"type-post","3":"status-publish","4":"format-standard","5":"has-post-thumbnail","7":"category-varlden","8":"tag-breaking-news","9":"tag-breakingnews","10":"tag-featured-news","11":"tag-featurednews","12":"tag-headlines","13":"tag-huvudnyheter","14":"tag-latest-news","15":"tag-latestnews","16":"tag-main-news","17":"tag-mainnews","18":"tag-news","19":"tag-nyheter","20":"tag-rubriker","21":"tag-se","22":"tag-svenska","23":"tag-sverige","24":"tag-sweden","25":"tag-swedish","26":"tag-top-stories","27":"tag-topstories","28":"tag-varlden","29":"tag-world","30":"tag-world-news","31":"tag-worldnews"},"share_on_mastodon":{"url":"https:\/\/pubeurope.com\/@se\/115865880066552969","error":""},"_links":{"self":[{"href":"https:\/\/www.europesays.com\/se\/wp-json\/wp\/v2\/posts\/130826","targetHints":{"allow":["GET"]}}],"collection":[{"href":"https:\/\/www.europesays.com\/se\/wp-json\/wp\/v2\/posts"}],"about":[{"href":"https:\/\/www.europesays.com\/se\/wp-json\/wp\/v2\/types\/post"}],"author":[{"embeddable":true,"href":"https:\/\/www.europesays.com\/se\/wp-json\/wp\/v2\/users\/2"}],"replies":[{"embeddable":true,"href":"https:\/\/www.europesays.com\/se\/wp-json\/wp\/v2\/comments?post=130826"}],"version-history":[{"count":0,"href":"https:\/\/www.europesays.com\/se\/wp-json\/wp\/v2\/posts\/130826\/revisions"}],"wp:featuredmedia":[{"embeddable":true,"href":"https:\/\/www.europesays.com\/se\/wp-json\/wp\/v2\/media\/793"}],"wp:attachment":[{"href":"https:\/\/www.europesays.com\/se\/wp-json\/wp\/v2\/media?parent=130826"}],"wp:term":[{"taxonomy":"category","embeddable":true,"href":"https:\/\/www.europesays.com\/se\/wp-json\/wp\/v2\/categories?post=130826"},{"taxonomy":"post_tag","embeddable":true,"href":"https:\/\/www.europesays.com\/se\/wp-json\/wp\/v2\/tags?post=130826"}],"curies":[{"name":"wp","href":"https:\/\/api.w.org\/{rel}","templated":true}]}}