{"id":130827,"date":"2026-01-09T15:36:33","date_gmt":"2026-01-09T15:36:33","guid":{"rendered":"https:\/\/www.europesays.com\/se\/130827\/"},"modified":"2026-01-09T15:36:33","modified_gmt":"2026-01-09T15:36:33","slug":"nu-kallas-ungdomar-fodda-2008-in-till-monstring","status":"publish","type":"post","link":"https:\/\/www.europesays.com\/se\/130827\/","title":{"rendered":"Nu kallas ungdomar f\u00f6dda 2008 in till m\u00f6nstring"},"content":{"rendered":"<p> 9 januari 2026 kl. 07:28<\/p>\n<p> Ungdomar i Sigtuna kommun som \u00e4r f\u00f6dda 2008 b\u00f6rjar nu f\u00e5 sina m\u00f6nstringsunderlag utskickade fr\u00e5n Plikt- och pr\u00f6vningsverket.<\/p>\n<p>Totalt skickas underlaget till cirka 111 000 ungdomar i landet. Att svara \u00e4r en del av totalf\u00f6rsvarsplikten och ligger till grund f\u00f6r framtida uttag till b\u00e5de milit\u00e4rt och civilt f\u00f6rsvar.<\/p>\n<p>M\u00f6nstringsunderlaget best\u00e5r av omkring 40 fr\u00e5gor och tar cirka 15 minuter att fylla i. Fr\u00e5gorna r\u00f6r bland annat h\u00e4lsa, studier och personliga f\u00f6ruts\u00e4ttningar. Den som f\u00e5r brevet \u00e4r skyldig att svara inom tv\u00e5 veckor. Utskicken sker etappvis, vilket inneb\u00e4r att startdatumet varierar.<\/p>\n<p>Efter att svaren har sammanst\u00e4llts g\u00f6r Plikt- och pr\u00f6vningsverket ett urval. Omkring 30 000 ungdomar kommer att kallas till m\u00f6nstring, medan \u00f6vriga f\u00e5r besked om att de inte kallas. Beskeden skickas ut i mars 2026.<br \/>\u2013 Det \u00e4r viktigt att alla som omfattas av totalf\u00f6rsvarsplikten f\u00f6rst\u00e5r vad den inneb\u00e4r och varf\u00f6r den finns, s\u00e4ger Peter G\u00f6the, generaldirekt\u00f6r f\u00f6r Plikt- och pr\u00f6vningsverket.<\/p>\n<p>En nyhet f\u00f6r \u00e5rskullen f\u00f6dd 2008 \u00e4r m\u00f6jligheten att skrivas in till grundutbildning med civilplikt. Inriktningarna g\u00e4ller bland annat r\u00e4ddningspersonal och r\u00e4ddningsgruppledare.<\/p>\n<p>M\u00f6nstringen inleds i maj 2026 och p\u00e5g\u00e5r till april 2027. Grundutbildning genomf\u00f6rs efter avslutade gymnasiestudier och de f\u00f6rsta rycker in sommaren 2027.<br \/>\u2013 Totalf\u00f6rsvaret beh\u00f6ver kompetens b\u00e5de inom det milit\u00e4ra och det civila f\u00f6rsvaret, s\u00e4ger Peter G\u00f6the.<\/p>\n","protected":false},"excerpt":{"rendered":"9 januari 2026 kl. 07:28 Ungdomar i Sigtuna kommun som \u00e4r f\u00f6dda 2008 b\u00f6rjar nu f\u00e5 sina m\u00f6nstringsunderlag&hellip;\n","protected":false},"author":2,"featured_media":130828,"comment_status":"","ping_status":"","sticky":false,"template":"","format":"standard","meta":{"footnotes":""},"categories":[12],"tags":[22,23,26,27,17,21,24,25,28,29,15,16,18,34,31,33,32,30,19,20],"class_list":{"0":"post-130827","1":"post","2":"type-post","3":"status-publish","4":"format-standard","5":"has-post-thumbnail","7":"category-sverige","8":"tag-breaking-news","9":"tag-breakingnews","10":"tag-featured-news","11":"tag-featurednews","12":"tag-headlines","13":"tag-huvudnyheter","14":"tag-latest-news","15":"tag-latestnews","16":"tag-main-news","17":"tag-mainnews","18":"tag-news","19":"tag-nyheter","20":"tag-rubriker","21":"tag-se","22":"tag-svenska","23":"tag-sverige","24":"tag-sweden","25":"tag-swedish","26":"tag-top-stories","27":"tag-topstories"},"share_on_mastodon":{"url":"https:\/\/pubeurope.com\/@se\/115865884045193089","error":""},"_links":{"self":[{"href":"https:\/\/www.europesays.com\/se\/wp-json\/wp\/v2\/posts\/130827","targetHints":{"allow":["GET"]}}],"collection":[{"href":"https:\/\/www.europesays.com\/se\/wp-json\/wp\/v2\/posts"}],"about":[{"href":"https:\/\/www.europesays.com\/se\/wp-json\/wp\/v2\/types\/post"}],"author":[{"embeddable":true,"href":"https:\/\/www.europesays.com\/se\/wp-json\/wp\/v2\/users\/2"}],"replies":[{"embeddable":true,"href":"https:\/\/www.europesays.com\/se\/wp-json\/wp\/v2\/comments?post=130827"}],"version-history":[{"count":0,"href":"https:\/\/www.europesays.com\/se\/wp-json\/wp\/v2\/posts\/130827\/revisions"}],"wp:featuredmedia":[{"embeddable":true,"href":"https:\/\/www.europesays.com\/se\/wp-json\/wp\/v2\/media\/130828"}],"wp:attachment":[{"href":"https:\/\/www.europesays.com\/se\/wp-json\/wp\/v2\/media?parent=130827"}],"wp:term":[{"taxonomy":"category","embeddable":true,"href":"https:\/\/www.europesays.com\/se\/wp-json\/wp\/v2\/categories?post=130827"},{"taxonomy":"post_tag","embeddable":true,"href":"https:\/\/www.europesays.com\/se\/wp-json\/wp\/v2\/tags?post=130827"}],"curies":[{"name":"wp","href":"https:\/\/api.w.org\/{rel}","templated":true}]}}