{"id":130835,"date":"2026-01-09T15:42:30","date_gmt":"2026-01-09T15:42:30","guid":{"rendered":"https:\/\/www.europesays.com\/se\/130835\/"},"modified":"2026-01-09T15:42:30","modified_gmt":"2026-01-09T15:42:30","slug":"ursakten-fran-mauri-hermundsson-efter-upptackten-i-chipsen","status":"publish","type":"post","link":"https:\/\/www.europesays.com\/se\/130835\/","title":{"rendered":"Urs\u00e4kten fr\u00e5n Mauri Hermundsson \u2013 efter uppt\u00e4ckten i chipsen"},"content":{"rendered":"<p>Publicerad 9 jan 2026 kl 15.17Uppdaterad kl 16.06<\/p>\n<p>H\u00e5ret \u00e4r r\u00f6tt och chipsen gula.\u00a0<\/p>\n<p>Men n\u00e4r Alice, 17, stoppade n\u00e4ven i p\u00e5sen gjorde hon en m\u00f6rk uppt\u00e4ckt.\u00a0<\/p>\n<p>Orden om uppt\u00e4ckten: \u201dSer ut som&#8230;\u201d<img loading=\"lazy\"   alt=\"\"\/><\/p>\n<p>I filmen ser man vad som ser ut att vara en bit plast.<\/p>\n<p>Foto: privat \/ l\u00e4sarbild<\/p>\n<p>\u00d6ppna bild i helsk\u00e4rm<img loading=\"lazy\"   alt=\"\"\/><\/p>\n<p>Maruri Hermundsson \u00e4r ansiktet ut\u00e5t f\u00f6r Redhead.<\/p>\n<p>Foto: Pontus Lundahl \/ TT NYHETSBYR\u00c5N<\/p>\n<p>\u00d6ppna bild i helsk\u00e4rm<img loading=\"lazy\"   alt=\"\"\/><\/p>\n<p>Alice har k\u00f6pt chipsen flera g\u00e5nger men aldrig varit med om n\u00e5got liknande.<\/p>\n<p>Foto: privat \/ privat<\/p>\n<p>\u00d6ppna bild i helsk\u00e4rm<\/p>\n<p>17-\u00e5riga Alice Dalhage och hennes kompis Alicia skulle k\u00f6pa chips till fredagsmyset och valet f\u00f6ll p\u00e5 en p\u00e5se fr\u00e5n Redhead \u2013 programledaren och youtubern <a href=\"https:\/\/www.expressen.se\/tagg\/person\/mauri-hermundsson\/\" class=\"\" rel=\"nofollow noopener\" target=\"_blank\">Mauri Hermundssons<\/a> m\u00e4rke. Snacksen \u00e4r en favorit och Alice hade s\u00e5 sent som i december k\u00f6pt ett helt flak till en v\u00e4n n\u00e4r hon f\u00e5tt uppdraget att inhandla n\u00e5got p\u00e5 temat \u201dorange\u201d till kompisg\u00e4ngets julklappsbyte.<\/p>\n<p>Men i den h\u00e4r p\u00e5sen g\u00f6mde sig en \u00f6verraskning bland chipsen.<\/p>\n<p>\u2013 Det s\u00e5g ut som en del av en penna. Min kompis bet lite i den och k\u00e4nde att det var plast, s\u00e4ger Alice.<\/p>\n<p>Urs\u00e4kten fr\u00e5n Mauri<\/p>\n<p>Tjejerna kontaktade Redhead och ber\u00e4ttade vad de hittat. De postade ocks\u00e5 en video p\u00e5 Tiktok d\u00e4r man ser hur de tar upp en svart plastbit ur p\u00e5sen. Kommentarsf\u00e4ltet fylldes snabbt av personer som taggade Mauri Hermundsson \u2013 som h\u00f6rde av sig direkt till Alice.<\/p>\n<p>\u2013 Han bad om urs\u00e4kt och nu kommer f\u00f6retaget skicka hem chips och en hoodie fr\u00e5n hans merch, s\u00e5 jag och Mauri \u00e4r kvitt nu, s\u00e4ger Alice och skrattar.<\/p>\n<p><img loading=\"lazy\"   alt=\"\"\/><\/p>\n<p>Mauri Hermundsson skickade ett meddelande till Alice och bad om urs\u00e4kt.<\/p>\n<p>\u00d6ppna bild i helsk\u00e4rm<\/p>\n<p><strong>Det \u00e4r snart helg igen \u2013 v\u00e5gar du dig p\u00e5 chips till fredagsmyset?<\/strong><\/p>\n<p>\u2013 Jad\u00e5, halva p\u00e5sen fr\u00e5n plastchipsen \u00e4r kvar. Jag ser det bara som en rolig grej, s\u00e4ger Alice.<\/p>\n<p>Redhead skriver i en kommentar till Expressen att de tar h\u00e4ndelsen p\u00e5 allvar och att de kommer att unders\u00f6ka f\u00f6rem\u00e5let f\u00f6r att ta reda p\u00e5 vad det \u00e4r och hur det hamnat i p\u00e5sen.<\/p>\n<p><img alt=\"\"\/>Ljudklippet gick inte att spela upp<\/p>\n<p>F\u00f6rs\u00f6k igen senare<\/p>\n","protected":false},"excerpt":{"rendered":"Publicerad 9 jan 2026 kl 15.17Uppdaterad kl 16.06 H\u00e5ret \u00e4r r\u00f6tt och chipsen gula.\u00a0 Men n\u00e4r Alice, 17,&hellip;\n","protected":false},"author":2,"featured_media":130836,"comment_status":"","ping_status":"","sticky":false,"template":"","format":"standard","meta":{"footnotes":""},"categories":[65],"tags":[72,70,71,1738,34,154,31,33,32,30,990],"class_list":{"0":"post-130835","1":"post","2":"type-post","3":"status-publish","4":"format-standard","5":"has-post-thumbnail","7":"category-ekonomi","8":"tag-business","9":"tag-economy","10":"tag-ekonomi","11":"tag-person-mauri-hermundsson","12":"tag-se","13":"tag-sections-sverige","14":"tag-svenska","15":"tag-sverige","16":"tag-sweden","17":"tag-swedish","18":"tag-topic-livsmedel"},"share_on_mastodon":{"url":"https:\/\/pubeurope.com\/@se\/115865907615821629","error":""},"_links":{"self":[{"href":"https:\/\/www.europesays.com\/se\/wp-json\/wp\/v2\/posts\/130835","targetHints":{"allow":["GET"]}}],"collection":[{"href":"https:\/\/www.europesays.com\/se\/wp-json\/wp\/v2\/posts"}],"about":[{"href":"https:\/\/www.europesays.com\/se\/wp-json\/wp\/v2\/types\/post"}],"author":[{"embeddable":true,"href":"https:\/\/www.europesays.com\/se\/wp-json\/wp\/v2\/users\/2"}],"replies":[{"embeddable":true,"href":"https:\/\/www.europesays.com\/se\/wp-json\/wp\/v2\/comments?post=130835"}],"version-history":[{"count":0,"href":"https:\/\/www.europesays.com\/se\/wp-json\/wp\/v2\/posts\/130835\/revisions"}],"wp:featuredmedia":[{"embeddable":true,"href":"https:\/\/www.europesays.com\/se\/wp-json\/wp\/v2\/media\/130836"}],"wp:attachment":[{"href":"https:\/\/www.europesays.com\/se\/wp-json\/wp\/v2\/media?parent=130835"}],"wp:term":[{"taxonomy":"category","embeddable":true,"href":"https:\/\/www.europesays.com\/se\/wp-json\/wp\/v2\/categories?post=130835"},{"taxonomy":"post_tag","embeddable":true,"href":"https:\/\/www.europesays.com\/se\/wp-json\/wp\/v2\/tags?post=130835"}],"curies":[{"name":"wp","href":"https:\/\/api.w.org\/{rel}","templated":true}]}}