{"id":130837,"date":"2026-01-09T15:43:16","date_gmt":"2026-01-09T15:43:16","guid":{"rendered":"https:\/\/www.europesays.com\/se\/130837\/"},"modified":"2026-01-09T15:43:16","modified_gmt":"2026-01-09T15:43:16","slug":"600-liter-olja-har-lackt-ut-i-nissan","status":"publish","type":"post","link":"https:\/\/www.europesays.com\/se\/130837\/","title":{"rendered":"600 liter olja har l\u00e4ckt ut i Nissan"},"content":{"rendered":"<p>Det var vi 08-tiden som r\u00e4ddningstj\u00e4nsten fick ett larm om en kollision i Hamnkajen i Halmstad. En lastbil l\u00e4ckte cirka 600 liter. Och det mesta rann vidare i havet enligt r\u00e4ddningstj\u00e4nsten. <\/p>\n<p>\u2013 Vi har l\u00e4get under kontroll, s\u00e4ger Peter Karlborg, inre bef\u00e4l vid r\u00e4ddningstj\u00e4nsten. <\/p>\n<p>Enligt r\u00e4ddningstj\u00e4nsten ska en kran ha slagit i lastbilen och d\u00e5 har en dieseltank r\u00e4mnat. <\/p>\n<p>\u2013 Det \u00e4r ett utsl\u00e4pp av diesel eller hydraulolja, s\u00e4ger Peter Karlborg. <\/p>\n<p>R\u00e4ddningstj\u00e4nsten har l\u00e4mnat platsen. <\/p>\n","protected":false},"excerpt":{"rendered":"Det var vi 08-tiden som r\u00e4ddningstj\u00e4nsten fick ett larm om en kollision i Hamnkajen i Halmstad. En lastbil&hellip;\n","protected":false},"author":2,"featured_media":793,"comment_status":"","ping_status":"","sticky":false,"template":"","format":"standard","meta":{"footnotes":""},"categories":[14],"tags":[22,23,26,27,17,21,24,25,28,29,15,16,18,34,31,33,32,30,19,20,51,52,53,54],"class_list":{"0":"post-130837","1":"post","2":"type-post","3":"status-publish","4":"format-standard","5":"has-post-thumbnail","7":"category-varlden","8":"tag-breaking-news","9":"tag-breakingnews","10":"tag-featured-news","11":"tag-featurednews","12":"tag-headlines","13":"tag-huvudnyheter","14":"tag-latest-news","15":"tag-latestnews","16":"tag-main-news","17":"tag-mainnews","18":"tag-news","19":"tag-nyheter","20":"tag-rubriker","21":"tag-se","22":"tag-svenska","23":"tag-sverige","24":"tag-sweden","25":"tag-swedish","26":"tag-top-stories","27":"tag-topstories","28":"tag-varlden","29":"tag-world","30":"tag-world-news","31":"tag-worldnews"},"share_on_mastodon":{"url":"https:\/\/pubeurope.com\/@se\/115865911435021326","error":""},"_links":{"self":[{"href":"https:\/\/www.europesays.com\/se\/wp-json\/wp\/v2\/posts\/130837","targetHints":{"allow":["GET"]}}],"collection":[{"href":"https:\/\/www.europesays.com\/se\/wp-json\/wp\/v2\/posts"}],"about":[{"href":"https:\/\/www.europesays.com\/se\/wp-json\/wp\/v2\/types\/post"}],"author":[{"embeddable":true,"href":"https:\/\/www.europesays.com\/se\/wp-json\/wp\/v2\/users\/2"}],"replies":[{"embeddable":true,"href":"https:\/\/www.europesays.com\/se\/wp-json\/wp\/v2\/comments?post=130837"}],"version-history":[{"count":0,"href":"https:\/\/www.europesays.com\/se\/wp-json\/wp\/v2\/posts\/130837\/revisions"}],"wp:featuredmedia":[{"embeddable":true,"href":"https:\/\/www.europesays.com\/se\/wp-json\/wp\/v2\/media\/793"}],"wp:attachment":[{"href":"https:\/\/www.europesays.com\/se\/wp-json\/wp\/v2\/media?parent=130837"}],"wp:term":[{"taxonomy":"category","embeddable":true,"href":"https:\/\/www.europesays.com\/se\/wp-json\/wp\/v2\/categories?post=130837"},{"taxonomy":"post_tag","embeddable":true,"href":"https:\/\/www.europesays.com\/se\/wp-json\/wp\/v2\/tags?post=130837"}],"curies":[{"name":"wp","href":"https:\/\/api.w.org\/{rel}","templated":true}]}}