{"id":130838,"date":"2026-01-09T15:44:54","date_gmt":"2026-01-09T15:44:54","guid":{"rendered":"https:\/\/www.europesays.com\/se\/130838\/"},"modified":"2026-01-09T15:44:54","modified_gmt":"2026-01-09T15:44:54","slug":"trafikfara-och-dyrt-att-kora-med-snoig-bil-nerikes-allehanda","status":"publish","type":"post","link":"https:\/\/www.europesays.com\/se\/130838\/","title":{"rendered":"Trafikfara och dyrt att k\u00f6ra med sn\u00f6ig bil \u2013 Nerikes Allehanda"},"content":{"rendered":"<p>Bilar t\u00e4ckta med sn\u00f6 \u00e4r en stor trafikfara.<\/p>\n<p>Och det kan bli kostsamt f\u00f6r f\u00f6raren.<\/p>\n<p>\u2013 Det blir ett stort problem, s\u00e4ger trafikpolisen David Asker\u00f6d.<\/p>\n<p>Det finns flera anledningar till varf\u00f6r det \u00e4r viktigt att skotta sin bil innan man ger sig ut i trafiken. Genom att inte ta bort sn\u00f6n fr\u00e5n bilen riskerar man att inte se eller synas.<\/p>\n<p>Tekniskt fel<\/p>\n<p class=\"message__text txt-ui txt-ui-2\">V\u00e4nligen f\u00f6rs\u00f6k igen senare.<\/p>\n<p>Den h\u00e4r artikeln \u00e4r bara f\u00f6r prenumeranter<\/p>\n<p class=\"txt-body txt-body-1\">Om du redan \u00e4r prenumerant: logga in!<\/p>\n","protected":false},"excerpt":{"rendered":"Bilar t\u00e4ckta med sn\u00f6 \u00e4r en stor trafikfara. Och det kan bli kostsamt f\u00f6r f\u00f6raren. \u2013 Det blir&hellip;\n","protected":false},"author":2,"featured_media":130839,"comment_status":"","ping_status":"","sticky":false,"template":"","format":"standard","meta":{"footnotes":""},"categories":[12],"tags":[22,23,26,27,17,21,24,25,28,29,15,16,18,34,31,33,32,30,19,20],"class_list":{"0":"post-130838","1":"post","2":"type-post","3":"status-publish","4":"format-standard","5":"has-post-thumbnail","7":"category-sverige","8":"tag-breaking-news","9":"tag-breakingnews","10":"tag-featured-news","11":"tag-featurednews","12":"tag-headlines","13":"tag-huvudnyheter","14":"tag-latest-news","15":"tag-latestnews","16":"tag-main-news","17":"tag-mainnews","18":"tag-news","19":"tag-nyheter","20":"tag-rubriker","21":"tag-se","22":"tag-svenska","23":"tag-sverige","24":"tag-sweden","25":"tag-swedish","26":"tag-top-stories","27":"tag-topstories"},"share_on_mastodon":{"url":"https:\/\/pubeurope.com\/@se\/115865919333191367","error":""},"_links":{"self":[{"href":"https:\/\/www.europesays.com\/se\/wp-json\/wp\/v2\/posts\/130838","targetHints":{"allow":["GET"]}}],"collection":[{"href":"https:\/\/www.europesays.com\/se\/wp-json\/wp\/v2\/posts"}],"about":[{"href":"https:\/\/www.europesays.com\/se\/wp-json\/wp\/v2\/types\/post"}],"author":[{"embeddable":true,"href":"https:\/\/www.europesays.com\/se\/wp-json\/wp\/v2\/users\/2"}],"replies":[{"embeddable":true,"href":"https:\/\/www.europesays.com\/se\/wp-json\/wp\/v2\/comments?post=130838"}],"version-history":[{"count":0,"href":"https:\/\/www.europesays.com\/se\/wp-json\/wp\/v2\/posts\/130838\/revisions"}],"wp:featuredmedia":[{"embeddable":true,"href":"https:\/\/www.europesays.com\/se\/wp-json\/wp\/v2\/media\/130839"}],"wp:attachment":[{"href":"https:\/\/www.europesays.com\/se\/wp-json\/wp\/v2\/media?parent=130838"}],"wp:term":[{"taxonomy":"category","embeddable":true,"href":"https:\/\/www.europesays.com\/se\/wp-json\/wp\/v2\/categories?post=130838"},{"taxonomy":"post_tag","embeddable":true,"href":"https:\/\/www.europesays.com\/se\/wp-json\/wp\/v2\/tags?post=130838"}],"curies":[{"name":"wp","href":"https:\/\/api.w.org\/{rel}","templated":true}]}}