{"id":130844,"date":"2026-01-09T15:49:09","date_gmt":"2026-01-09T15:49:09","guid":{"rendered":"https:\/\/www.europesays.com\/se\/130844\/"},"modified":"2026-01-09T15:49:09","modified_gmt":"2026-01-09T15:49:09","slug":"ces-2026-tdms-nya-2-i-1-horlurar-kan-aven-fungera-som-hogtalare","status":"publish","type":"post","link":"https:\/\/www.europesays.com\/se\/130844\/","title":{"rendered":"CES 2026: TDM:s nya 2-i-1 h\u00f6rlurar kan \u00e4ven fungera som h\u00f6gtalare"},"content":{"rendered":"<p>\u00c5rets CES-m\u00e4ssa b\u00f6rjar nu lida mot sitt slut, men \u00e4n \u00e4r det inte slut p\u00e5 nya prylar fr\u00e5n m\u00e4ssgolvet. Till exempel har det nygrundade f\u00f6retaget TDM, eller Tomorrow Doesn\u2019t Matter, visat upp sina nya 2-i-1-h\u00f6rlurar p\u00e5 m\u00e4ssan.<\/p>\n<p><strong>L\u00e4s \u00e4ven:\u00a0<a href=\"https:\/\/www.m3.se\/article\/3021892\/fender-audio-ces.html\" rel=\"nofollow noopener\" target=\"_blank\">Fender lanserar nya h\u00f6gtalare och h\u00f6rlurar p\u00e5 CES<\/a><\/strong><\/p>\n<p><img decoding=\"async\" data-wp-class--hide=\"state.isContentHidden\" data-wp-class--show=\"state.isContentVisible\" data-wp-init=\"callbacks.setButtonStyles\" data-wp-on-async--click=\"actions.showLightbox\" data-wp-on-async--load=\"callbacks.setButtonStyles\" data-wp-on-async-window--resize=\"callbacks.setButtonStyles\" src=\"https:\/\/www.europesays.com\/se\/wp-content\/uploads\/2026\/01\/IMG_0956.jpg\" alt=\"TDM Neo\" class=\"wp-image-3028602\"  width=\"700\" height=\"700\"  loading=\"lazy\"\/><\/p>\n<p class=\"imageCredit\">TDM<\/p>\n<p><a href=\"https:\/\/idg.digidip.net\/visit?url=https:\/\/get.tdmofficial.com\/&amp;currurl=https:\/\/www.m3.se\/article\/3028589\/ces-2026-tdms-nya-2-i-1-horlurar-kan-aven-fungera-som-hogtalare.html&amp;ref=9-1-3028589-1-0-0-0-0\" target=\"_blank\" rel=\"nofollow noopener\" data-subtag=\"9-1-3028589-1-0-0-0-0\" data-domain-name=\"tdmofficial\">TDM Neo<\/a> har ett extra flexibelt huvudband och kan fungera b\u00e5de som vanliga over-ear-h\u00f6rlurar, eller vikas ihop till en b\u00e4rbar h\u00f6gtalare. H\u00f6rlurarna v\u00e4xlar automatiskt mellan h\u00f6rlurs- och h\u00f6gtalarl\u00e4get n\u00e4r de viks ihop, men du kan \u00e4ven manuellt v\u00e4xla mellan de olika l\u00e4gena med en knapptryckning.<\/p>\n<p><img decoding=\"async\" data-wp-class--hide=\"state.isContentHidden\" data-wp-class--show=\"state.isContentVisible\" data-wp-init=\"callbacks.setButtonStyles\" data-wp-on-async--click=\"actions.showLightbox\" data-wp-on-async--load=\"callbacks.setButtonStyles\" data-wp-on-async-window--resize=\"callbacks.setButtonStyles\" src=\"https:\/\/www.europesays.com\/se\/wp-content\/uploads\/2026\/01\/TDM.Animationunder20mb.gif\" alt=\"TDM Neo\" class=\"wp-image-3028604\" width=\"960\" height=\"540\"  loading=\"lazy\"\/><\/p>\n<p class=\"imageCredit\">TDM<\/p>\n<p>B\u00e5da h\u00f6rselk\u00e5porna \u00e4r utrustade med tv\u00e5 stycken h\u00f6gtalarelement p\u00e5 40 mm, en in- och en utv\u00e4ndig f\u00f6r de olika l\u00e4gena. H\u00f6rlurarna har \u00e4ven en inbyggd mikrofon, st\u00f6d f\u00f6r Bluetooth 6, samt en 3,5 mm ljuding\u00e5ng.<\/p>\n<p>TDM Neo stoltserar med \u00f6ver 200 timmars batteritid i h\u00f6rlursl\u00e4get, medan du i h\u00f6gtalarl\u00e4get ska f\u00e5 ut runt 10 timmars lyssning. H\u00f6rlurarna laddas med usb-c, fem minuters laddning ska ge dig 8 timmars lyssning. Batteriet i TDM Neo \u00e4r dessutom utbytbart.<\/p>\n<p><img decoding=\"async\" data-wp-class--hide=\"state.isContentHidden\" data-wp-class--show=\"state.isContentVisible\" data-wp-init=\"callbacks.setButtonStyles\" data-wp-on-async--click=\"actions.showLightbox\" data-wp-on-async--load=\"callbacks.setButtonStyles\" data-wp-on-async-window--resize=\"callbacks.setButtonStyles\" src=\"https:\/\/www.europesays.com\/se\/wp-content\/uploads\/2026\/01\/IMG_1299.jpg\" alt=\"TDM Neo\" class=\"wp-image-3028603\"  width=\"700\" height=\"700\"  loading=\"lazy\"\/><\/p>\n<p class=\"imageCredit\">TDM<\/p>\n<p>TDM kommer att lansera en Kickstarter-kampanj f\u00f6r h\u00f6rlurarna nu i januari, TDM Neo f\u00f6rv\u00e4ntas kosta 249 dollar, ungef\u00e4r 2 300 kronor, och kommer att finnas i f\u00e4rgerna svart och vit.<\/p>\n","protected":false},"excerpt":{"rendered":"\u00c5rets CES-m\u00e4ssa b\u00f6rjar nu lida mot sitt slut, men \u00e4n \u00e4r det inte slut p\u00e5 nya prylar fr\u00e5n&hellip;\n","protected":false},"author":2,"featured_media":130845,"comment_status":"","ping_status":"","sticky":false,"template":"","format":"standard","meta":{"footnotes":""},"categories":[66],"tags":[80,78,79,34,31,33,32,30,81,84,83,82],"class_list":{"0":"post-130844","1":"post","2":"type-post","3":"status-publish","4":"format-standard","5":"has-post-thumbnail","7":"category-vetenskap-och-teknik","8":"tag-science","9":"tag-science-and-technology","10":"tag-scienceandtechnology","11":"tag-se","12":"tag-svenska","13":"tag-sverige","14":"tag-sweden","15":"tag-swedish","16":"tag-technology","17":"tag-teknik","18":"tag-vetenskap","19":"tag-vetenskapteknik"},"share_on_mastodon":{"url":"https:\/\/pubeurope.com\/@se\/115865935151684543","error":""},"_links":{"self":[{"href":"https:\/\/www.europesays.com\/se\/wp-json\/wp\/v2\/posts\/130844","targetHints":{"allow":["GET"]}}],"collection":[{"href":"https:\/\/www.europesays.com\/se\/wp-json\/wp\/v2\/posts"}],"about":[{"href":"https:\/\/www.europesays.com\/se\/wp-json\/wp\/v2\/types\/post"}],"author":[{"embeddable":true,"href":"https:\/\/www.europesays.com\/se\/wp-json\/wp\/v2\/users\/2"}],"replies":[{"embeddable":true,"href":"https:\/\/www.europesays.com\/se\/wp-json\/wp\/v2\/comments?post=130844"}],"version-history":[{"count":0,"href":"https:\/\/www.europesays.com\/se\/wp-json\/wp\/v2\/posts\/130844\/revisions"}],"wp:featuredmedia":[{"embeddable":true,"href":"https:\/\/www.europesays.com\/se\/wp-json\/wp\/v2\/media\/130845"}],"wp:attachment":[{"href":"https:\/\/www.europesays.com\/se\/wp-json\/wp\/v2\/media?parent=130844"}],"wp:term":[{"taxonomy":"category","embeddable":true,"href":"https:\/\/www.europesays.com\/se\/wp-json\/wp\/v2\/categories?post=130844"},{"taxonomy":"post_tag","embeddable":true,"href":"https:\/\/www.europesays.com\/se\/wp-json\/wp\/v2\/tags?post=130844"}],"curies":[{"name":"wp","href":"https:\/\/api.w.org\/{rel}","templated":true}]}}