{"id":130847,"date":"2026-01-09T15:52:29","date_gmt":"2026-01-09T15:52:29","guid":{"rendered":"https:\/\/www.europesays.com\/se\/130847\/"},"modified":"2026-01-09T15:52:29","modified_gmt":"2026-01-09T15:52:29","slug":"debatt-den-omoraliska-reavinstskatten","status":"publish","type":"post","link":"https:\/\/www.europesays.com\/se\/130847\/","title":{"rendered":"DEBATT: Den omoraliska reavinstskatten"},"content":{"rendered":"<p>Den h\u00f6ga graden av beskattning som har satts p\u00e5 bostadsf\u00f6rs\u00e4ljning har skapat en ond cirkel p\u00e5 bostadsmarknaden. M\u00e5nga \u00e4ldre, som efter ett l\u00e5ngt arbetsliv och m\u00e5nga skattedeklarationer, vill flytta till ett mindre hus eller till en ort n\u00e4rmare barnbarnen avskr\u00e4cks av en omoraliskt h\u00f6g reavinstskatt.<\/p>\n<p>Samtidigt som \u00e4ldre l\u00e5ses in i stora villor som ekar tomma, s\u00f6ker barnfamiljer efter det hus som de alltid dr\u00f6mt om. D\u00e4r barnen kan v\u00e4xa upp i trygghet och l\u00e4ra sig cykla p\u00e5 gatan. F\u00f6rstag\u00e5ngsk\u00f6pare h\u00e5lls borta fr\u00e5n sm\u00e5hus och bostadsr\u00e4tter p\u00e5 grund av att m\u00e5nga inte s\u00e4ljer sina hus, som de faktiskt vill s\u00e4lja. Reavinstskatten \u00e4r som rost p\u00e5 flyttkedjan.\u00a0<\/p>\n<p><strong>Svenska bostadsmarknaden<\/strong> st\u00e5r still och reavinstskatten \u00e4r en del av problemet. Statistiken talar f\u00f6r sig sj\u00e4lv. 7 av 10 svenskar vill bo i sm\u00e5hus. Samtidigt \u00e4r det 7 av 10 pension\u00e4rer \u00e4ger sitt boende, men 58 procent i \u00e5ldern 60\u201379 vill flytta till n\u00e5got mindre. Enligt M\u00e4klarsamfundet upptas var femte villa av personer som \u00e4r \u00f6ver 73 \u00e5r. De uppger ocks\u00e5 att flyttfrekvensen i den gruppen \u00e4r mycket l\u00e5g. De som vill flytta uppger att de hindras delvis av reavinstskatten. M\u00e4klarsamfundets rapport visar ocks\u00e5 att m\u00e5nga hus kommer skifta \u00e4garskap via generationsskiften, d\u00e4r merparten av arvtagarna kommer best\u00e5 av individer i \u00e5ldersgruppen 55\u201370 \u00e5r. Samma grupp har h\u00f6g inkomst och bor till stor utstr\u00e4ckning redan i villa.<\/p>\n<p>I Sverige ska vi inte behandla hem som aktier. Man ska kunna s\u00e4lja sitt boende utan att bli h\u00e5rt beskattad. Det \u00e4r inte v\u00e4rdigt i ett land som Sverige, d\u00e4r man ska kunna bilda familj, uppfylla husdr\u00f6mmen och sen \u00e5ldras i ett boende som passar det stadiet i livet man befinner sig i.<\/p>\n<p>Kristdemokraterna vill ge friheten tillbaka till de som byggt och bygger v\u00e5rt land, till de som har betalat skatt hela sina liv. Att s\u00e4lja sitt hem utan att staten tar sin besk\u00e4rda del av livsverket \u00e4r inte en lyxg\u00e5va, som reavinstskattens f\u00f6rsvarare m\u00e5lar ut det som. Det \u00e4r inte den lyckliga vinnaren eller miljon\u00e4rer p\u00e5 villagatan som drabbas h\u00e5rdast av skatten p\u00e5 bostadsf\u00f6rs\u00e4ljning. Det \u00e4r din mamma, pappa och grannar: vanliga l\u00f6ntagare och pension\u00e4rer som gjort precis det samh\u00e4llet alltid uppmanat dem till: att arbeta h\u00e5rt, spara, ta ansvar och bygga ett tryggt hem.<\/p>\n<p><strong>Det vi f\u00f6resl\u00e5r <\/strong>\u00e4r r\u00e4ttvist. Reavinstskatten ska trappas ner efter fem \u00e5rs \u00e4gande, med 2 procentenheter per \u00e5r. Den person som har \u00e4gt och bott i sitt hem i 16 \u00e5r kommer att kunna s\u00e4lja sin bostad skattebefriat, d\u00e5 skatten kommer n\u00e5 0 procent efter den tiden. Detta \u00e4r inte en reform f\u00f6r spekulanter. Detta \u00e4r f\u00f6r unga familjer och de som arbetat hela sina liv och skattat en hel del p\u00e5 v\u00e4gen.<\/p>\n<p>Svenska familjer och villa\u00e4gare f\u00f6rtj\u00e4nar en politik som ser till deras behov och deras vardag. Kristdemokraterna \u00e4r det parti i Sveriges riksdag som kommer st\u00e5 p\u00e5 deras sida. F\u00f6r att ge mer frihet och trygghet till det svenska folket, vare sig stadiet i livet man befinner sig i.<\/p>\n<p><strong>Larry S\u00f6der <\/strong>(KD), bostadspolitisk talesperson<br \/><strong>Hans Eklind <\/strong>(KD), ekonomiskpolitisk talesperson<\/p>\n","protected":false},"excerpt":{"rendered":"Den h\u00f6ga graden av beskattning som har satts p\u00e5 bostadsf\u00f6rs\u00e4ljning har skapat en ond cirkel p\u00e5 bostadsmarknaden. M\u00e5nga&hellip;\n","protected":false},"author":2,"featured_media":130848,"comment_status":"","ping_status":"","sticky":false,"template":"","format":"standard","meta":{"footnotes":""},"categories":[12],"tags":[22,23,26,27,17,21,24,25,28,29,15,16,18,34,31,33,32,30,19,20],"class_list":{"0":"post-130847","1":"post","2":"type-post","3":"status-publish","4":"format-standard","5":"has-post-thumbnail","7":"category-sverige","8":"tag-breaking-news","9":"tag-breakingnews","10":"tag-featured-news","11":"tag-featurednews","12":"tag-headlines","13":"tag-huvudnyheter","14":"tag-latest-news","15":"tag-latestnews","16":"tag-main-news","17":"tag-mainnews","18":"tag-news","19":"tag-nyheter","20":"tag-rubriker","21":"tag-se","22":"tag-svenska","23":"tag-sverige","24":"tag-sweden","25":"tag-swedish","26":"tag-top-stories","27":"tag-topstories"},"share_on_mastodon":{"url":"https:\/\/pubeurope.com\/@se\/115865947065495034","error":""},"_links":{"self":[{"href":"https:\/\/www.europesays.com\/se\/wp-json\/wp\/v2\/posts\/130847","targetHints":{"allow":["GET"]}}],"collection":[{"href":"https:\/\/www.europesays.com\/se\/wp-json\/wp\/v2\/posts"}],"about":[{"href":"https:\/\/www.europesays.com\/se\/wp-json\/wp\/v2\/types\/post"}],"author":[{"embeddable":true,"href":"https:\/\/www.europesays.com\/se\/wp-json\/wp\/v2\/users\/2"}],"replies":[{"embeddable":true,"href":"https:\/\/www.europesays.com\/se\/wp-json\/wp\/v2\/comments?post=130847"}],"version-history":[{"count":0,"href":"https:\/\/www.europesays.com\/se\/wp-json\/wp\/v2\/posts\/130847\/revisions"}],"wp:featuredmedia":[{"embeddable":true,"href":"https:\/\/www.europesays.com\/se\/wp-json\/wp\/v2\/media\/130848"}],"wp:attachment":[{"href":"https:\/\/www.europesays.com\/se\/wp-json\/wp\/v2\/media?parent=130847"}],"wp:term":[{"taxonomy":"category","embeddable":true,"href":"https:\/\/www.europesays.com\/se\/wp-json\/wp\/v2\/categories?post=130847"},{"taxonomy":"post_tag","embeddable":true,"href":"https:\/\/www.europesays.com\/se\/wp-json\/wp\/v2\/tags?post=130847"}],"curies":[{"name":"wp","href":"https:\/\/api.w.org\/{rel}","templated":true}]}}