{"id":130849,"date":"2026-01-09T15:53:14","date_gmt":"2026-01-09T15:53:14","guid":{"rendered":"https:\/\/www.europesays.com\/se\/130849\/"},"modified":"2026-01-09T15:53:14","modified_gmt":"2026-01-09T15:53:14","slug":"hanna-18-forsvunnen-i-uddevalla-mordutredning","status":"publish","type":"post","link":"https:\/\/www.europesays.com\/se\/130849\/","title":{"rendered":"Hanna, 18, f\u00f6rsvunnen i Uddevalla \u2013 mordutredning"},"content":{"rendered":"<p><a data-test-tag=\"internal-link\" href=\"https:\/\/www.aftonbladet.se\/av\/amanda-hallsten\" class=\"hyperion-css-13ns1rr\" rel=\"nofollow noopener\" target=\"\" aria-label=\"Se alla artiklar av Amanda H\u00e4llsten\"><img decoding=\"async\" class=\"image-asset hyperion-css-n6kkq1\" data-test-tag=\"image-asset\" src=\"https:\/\/www.europesays.com\/se\/wp-content\/uploads\/2026\/01\/1767973994_799_d03087d7-b67e-4a2d-9ab9-086b23863ce8.png\"  alt=\"\"  loading=\"lazy\" fetchpriority=\"auto\" style=\"aspect-ratio:1900 \/ 1900\"\/><\/a><\/p>\n<p class=\"boxtextgrotesk-root_baa6 hyperion-css-7pajle\">Uppdaterad 16.42 | Publicerad 16.02<\/p>\n<p>share-arrowDela<\/p>\n<p>unsaveSpara<\/p>\n<p>expand-left<\/p>\n<p>helsk\u00e4rm<img decoding=\"async\" class=\"image-asset hyperion-css-u06ts1\" data-test-tag=\"image-asset\" src=\"https:\/\/www.europesays.com\/se\/wp-content\/uploads\/2026\/01\/5fd8975d-1403-450f-ab45-ed8af9e66882.jpeg\"  alt=\"18-\u00e5riga Hanna \u00e4r f\u00f6rsvunnen sedan i tisdags.\"  loading=\"eager\" fetchpriority=\"high\" style=\"aspect-ratio:992 \/ 358\"\/>18-\u00e5riga Hanna \u00e4r f\u00f6rsvunnen sedan i tisdags. Foto: Rescue Photo \/ Polisen<\/p>\n<p class=\"hyperion-css-1shl3oz\" data-test-tag=\"lead-text\">18-\u00e5riga Hanna \u00e4r fortfarande f\u00f6rsvunnen.<\/p>\n<p class=\"hyperion-css-1shl3oz\" data-test-tag=\"lead-text\">Nu har polisen inlett en utredning om mord.<\/p>\n<p class=\"hyperion-css-1shl3oz\" data-test-tag=\"lead-text\">\u2013 Det \u00e4r f\u00f6r att kunna genomf\u00f6ra fler \u00e5tg\u00e4rder, s\u00e4ger Thomas Fuxborg fr\u00e5n polisen. <\/p>\n<p class=\"hyperion-css-1v9qo5x\"><a data-test-tag=\"internal-link\" href=\"https:\/\/www.aftonbladet.se\/nyheter\/a\/Ard8wM\/hanna-18-forsvunnen-i-uddevalla\" class=\"hyperion-css-15jkft9\" rel=\"nofollow noopener\" target=\"\" aria-label=\"18-\u00e5riga Hanna har varit f\u00f6rsvunnen\">18-\u00e5riga Hanna har varit f\u00f6rsvunnen<\/a> sedan den 6 januari. Enligt polisen s\u00e5gs hon senast i <a data-test-tag=\"internal-link\" href=\"https:\/\/www.aftonbladet.se\/lokala-nyheter\/uddevalla\" class=\"hyperion-css-15jkft9\" rel=\"nofollow noopener\" target=\"\" aria-label=\"Uddevalla\">Uddevalla<\/a> p\u00e5 tisdagseftermiddagen. Polisen uppger att kvinnan har en \u201danknytning\u201d till Uddevalla. <\/p>\n<p class=\"hyperion-css-1v9qo5x\">\u2013 Hon var synlig i Uddevalla och en person har pratat med henne, s\u00e5 vi vet att hon befann sig d\u00e4r d\u00e5, s\u00e4ger Thomas Fuxborg fr\u00e5n polisen.<\/p>\n<p class=\"hyperion-css-1v9qo5x\">I onsdags hittades kl\u00e4desplagg i ett friluftsomr\u00e5de i Uddevalla. <\/p>\n<p class=\"hyperion-css-1v9qo5x\">\u2013 Det \u00e4r flera kl\u00e4desplagg som man tror kan tillh\u00f6ra henne. De hittades i samma omr\u00e5de, s\u00e4ger Thomas Fuxborg. <\/p>\n<p>expand-left<\/p>\n<p>helsk\u00e4rm<img decoding=\"async\" class=\"image-asset hyperion-css-u06ts1\" data-test-tag=\"image-asset\" src=\"https:\/\/www.europesays.com\/se\/wp-content\/uploads\/2026\/01\/db4f42a0-7aa9-4779-9913-babeaa321145.jpeg\"  alt=\"Polisen och hemv\u00e4rnet har deltagit i s\u00f6kandet.\"  loading=\"eager\" fetchpriority=\"high\" style=\"aspect-ratio:1723 \/ 1160\"\/>Polisen och hemv\u00e4rnet har deltagit i s\u00f6kandet. Foto: Rescue Photo\u201dInget tyder p\u00e5 brott\u201d<\/p>\n<p class=\"hyperion-css-1v9qo5x\">Nu har de inlett en mordutredning, som<a aria-label=\" P4 V\u00e4st \" class=\"default hyperion-css-15jkft9\" href=\"https:\/\/www.sverigesradio.se\/artikel\/mordutredning-inleds-polisen-for-att-kunna-soka-bredare\" rel=\"noopener nofollow noreferrer\" data-test-tag=\"external-link\" target=\"_blank\"> P4 V\u00e4st <\/a>var f\u00f6rst med att rapportera om. <\/p>\n<p class=\"hyperion-css-1v9qo5x\">\u2013 Det finns ingenting i nul\u00e4get som tyder p\u00e5 att hon har utsatts f\u00f6r ett brott, men vi har \u00f6ppnat en utredning om mord f\u00f6r att kunna \u00f6ppna en annan verktygsl\u00e5da. R\u00e4ddningsinsatsen p\u00e5g\u00e5r samtidigt, men nu kan vi \u00e4ven g\u00f6ra husrannsakningar, h\u00e4mta folk till f\u00f6rh\u00f6r och liknande, om det beh\u00f6vs, s\u00e4ger Thomas Fuxborg. <\/p>\n<p class=\"hyperion-css-1v9qo5x\">Till P4 V\u00e4st s\u00e4ger Martin \u00d6hman, polisomr\u00e5deschef i V\u00e4stra Fyrbodal, att det har kommit in ett stort antal tips till polisen. <\/p>\n<p>expand-left<\/p>\n<p>helsk\u00e4rm<img decoding=\"async\" class=\"image-asset hyperion-css-u06ts1\" data-test-tag=\"image-asset\" src=\"https:\/\/www.europesays.com\/se\/wp-content\/uploads\/2026\/01\/e6b77b34-b738-4772-b786-e7266f218f97.jpeg\"  alt=\"\"  loading=\"eager\" fetchpriority=\"high\" style=\"aspect-ratio:1735 \/ 1156\"\/> Foto: Rescue Photo<\/p>\n<p class=\"hyperion-css-1v9qo5x\">P\u00e5 sin hemsida har polisen lagt ut ett signalement p\u00e5 den f\u00f6rsvunna kvinnan. <\/p>\n<p class=\"hyperion-css-1v9qo5x\">\u201dKvinnan har l\u00e5ngt mellanblont h\u00e5r och \u00e4r cirka 166 centimeter l\u00e5ng. Hon hade vid f\u00f6rsvinnandet p\u00e5 sig jeans och en brun tr\u00f6ja. Har du upplysningar eller tips uppmanar vi dig att h\u00f6ra av dig till 114 14. \u00c4r l\u00e4get akut ringer du 112\u201d. <\/p>\n","protected":false},"excerpt":{"rendered":"Uppdaterad 16.42 | Publicerad 16.02 share-arrowDela unsaveSpara expand-left helsk\u00e4rm18-\u00e5riga Hanna \u00e4r f\u00f6rsvunnen sedan i tisdags. Foto: Rescue Photo&hellip;\n","protected":false},"author":2,"featured_media":130850,"comment_status":"","ping_status":"","sticky":false,"template":"","format":"standard","meta":{"footnotes":""},"categories":[5],"tags":[22,23,26,27,17,21,24,25,28,29,15,16,18,34,31,33,32,30,19,20],"class_list":{"0":"post-130849","1":"post","2":"type-post","3":"status-publish","4":"format-standard","5":"has-post-thumbnail","7":"category-rubriker","8":"tag-breaking-news","9":"tag-breakingnews","10":"tag-featured-news","11":"tag-featurednews","12":"tag-headlines","13":"tag-huvudnyheter","14":"tag-latest-news","15":"tag-latestnews","16":"tag-main-news","17":"tag-mainnews","18":"tag-news","19":"tag-nyheter","20":"tag-rubriker","21":"tag-se","22":"tag-svenska","23":"tag-sverige","24":"tag-sweden","25":"tag-swedish","26":"tag-top-stories","27":"tag-topstories"},"share_on_mastodon":{"url":"https:\/\/pubeurope.com\/@se\/115865950798281972","error":""},"_links":{"self":[{"href":"https:\/\/www.europesays.com\/se\/wp-json\/wp\/v2\/posts\/130849","targetHints":{"allow":["GET"]}}],"collection":[{"href":"https:\/\/www.europesays.com\/se\/wp-json\/wp\/v2\/posts"}],"about":[{"href":"https:\/\/www.europesays.com\/se\/wp-json\/wp\/v2\/types\/post"}],"author":[{"embeddable":true,"href":"https:\/\/www.europesays.com\/se\/wp-json\/wp\/v2\/users\/2"}],"replies":[{"embeddable":true,"href":"https:\/\/www.europesays.com\/se\/wp-json\/wp\/v2\/comments?post=130849"}],"version-history":[{"count":0,"href":"https:\/\/www.europesays.com\/se\/wp-json\/wp\/v2\/posts\/130849\/revisions"}],"wp:featuredmedia":[{"embeddable":true,"href":"https:\/\/www.europesays.com\/se\/wp-json\/wp\/v2\/media\/130850"}],"wp:attachment":[{"href":"https:\/\/www.europesays.com\/se\/wp-json\/wp\/v2\/media?parent=130849"}],"wp:term":[{"taxonomy":"category","embeddable":true,"href":"https:\/\/www.europesays.com\/se\/wp-json\/wp\/v2\/categories?post=130849"},{"taxonomy":"post_tag","embeddable":true,"href":"https:\/\/www.europesays.com\/se\/wp-json\/wp\/v2\/tags?post=130849"}],"curies":[{"name":"wp","href":"https:\/\/api.w.org\/{rel}","templated":true}]}}