{"id":130853,"date":"2026-01-09T15:56:11","date_gmt":"2026-01-09T15:56:11","guid":{"rendered":"https:\/\/www.europesays.com\/se\/130853\/"},"modified":"2026-01-09T15:56:11","modified_gmt":"2026-01-09T15:56:11","slug":"tysklands-oscarsbidrag-riskerar-att-utsondra-en-hog-dos-melatonin","status":"publish","type":"post","link":"https:\/\/www.europesays.com\/se\/130853\/","title":{"rendered":"\u201dTysklands Oscarsbidrag riskerar att uts\u00f6ndra en h\u00f6g dos melatonin\u201d"},"content":{"rendered":"<p>Det \u00e4r en k\u00e4nslom\u00e4ssig upplevelse om hur livet kan v\u00e4xla mellan ljus och m\u00f6rker, fest och d\u00f6d, livslust och d\u00f6dsl\u00e4ngtan, skriver SvD:s recensent Jeanette Gentele om den tyska filmen \u201dSound of falling\u201d. <\/p>\n<p>Dramat, som regisserats av Mascha Schilinski, skildrar fyra flickor som bor p\u00e5 samma g\u00e5rd i en icke namngiven ort i Tyskland under olika tidsepoker. I SvD och DN f\u00e5r filmen n\u00e4st h\u00f6gsta betyg. <\/p>\n<p>Filmen premi\u00e4rvisades p\u00e5 Cannes filmfestival i fjol, och i DN skriver Kerstin Gezelius att det var en annan upplevelse att se den p\u00e5 biograf i Stockholm. Hon tycker att filmen \u00e4r lite f\u00f6r l\u00e5ng:<\/p>\n<p>\u201dNu tyckte jag pl\u00f6tsligt att det var lite f\u00f6r m\u00e5nga karakt\u00e4rer, att vissa detaljer var lite s\u00f6kta, att det h\u00f6ll p\u00e5 f\u00f6r l\u00e4nge\u201d, skriver hon men ger ber\u00f6m f\u00f6r den \u201daudiovisuella magin\u201d som f\u00e5ngar hur historien och politiken formas av blod, svett och t\u00e5rar.<\/p>\n<p>Aftonbladets Daniel H\u00e5nberg Alonso ger den en trea. Han skriver att \u201dSound of falling\u201d \u00e4r tekniskt enast\u00e5ende men att sv\u00e5rtillg\u00e4ngligheten kan vara \u201dfrustrerande\u201d f\u00f6r tittarna.<\/p>\n<p>\u201d\u00c5rets tyska Oscarsbidrag \u00e4r tekniskt enast\u00e5ende \u2013 men riskerar ocks\u00e5 att uts\u00f6ndra en h\u00f6g dos melatonin i sin publik\u201d, skriver han vidare. <\/p>\n<p>\u201dSound of falling\u201d har svensk biopremi\u00e4r i dag, fredag.<\/p>\n<p>Snittbetyget baseras p\u00e5 7 av 8 recensioner eftersom alla inte s\u00e4tter betyg.<\/p>\n<p>Varje helg tipsar Omni-redaktionen om de mest aktuella filmerna, tv-serierna, musiken, b\u00f6ckerna och mycket mer fr\u00e5n hela v\u00e4rlden. Genre kan variera fr\u00e5n vecka till vecka.<\/p>\n<p>Recensionssvepen \u00e4r en del av Omnis helgsatsning med rekommendationer p\u00e5 l\u00e4sv\u00e4rda, aktuella och intressanta recensioner och intervjuer som publiceras varje helg. <\/p>\n<p>Omni \u00e4r politiskt obundna och oberoende. Vi str\u00e4var efter att ge fler perspektiv p\u00e5 nyheterna. Har du fr\u00e5gor eller synpunkter kring v\u00e5r rapportering? <a href=\"https:\/\/omni.se\/tysklands-oscarsbidrag-riskerar-att-utsondra-en-hog-dos-melatonin\/a\/mailto:redaktion@omni.se\" class=\"ArticleActions_contactLink__W2F1M\" rel=\"nofollow noopener\" target=\"_blank\">Kontakta redaktionen<\/a><\/p>\n","protected":false},"excerpt":{"rendered":"Det \u00e4r en k\u00e4nslom\u00e4ssig upplevelse om hur livet kan v\u00e4xla mellan ljus och m\u00f6rker, fest och d\u00f6d, livslust&hellip;\n","protected":false},"author":2,"featured_media":130854,"comment_status":"","ping_status":"","sticky":false,"template":"","format":"standard","meta":{"footnotes":""},"categories":[67],"tags":[104,168,270,13434,172,346,34,13432,31,33,32,30,13433,105],"class_list":{"0":"post-130853","1":"post","2":"type-post","3":"status-publish","4":"format-standard","5":"has-post-thumbnail","7":"category-underhallning","8":"tag-entertainment","9":"tag-film-tv","10":"tag-helg","11":"tag-kerstin-gezelius","12":"tag-musik","13":"tag-musikrecensioner","14":"tag-se","15":"tag-skivrecensioner","16":"tag-svenska","17":"tag-sverige","18":"tag-sweden","19":"tag-swedish","20":"tag-tv-recensioner","21":"tag-underhallning"},"share_on_mastodon":{"url":"https:\/\/pubeurope.com\/@se\/115865963002134363","error":""},"_links":{"self":[{"href":"https:\/\/www.europesays.com\/se\/wp-json\/wp\/v2\/posts\/130853","targetHints":{"allow":["GET"]}}],"collection":[{"href":"https:\/\/www.europesays.com\/se\/wp-json\/wp\/v2\/posts"}],"about":[{"href":"https:\/\/www.europesays.com\/se\/wp-json\/wp\/v2\/types\/post"}],"author":[{"embeddable":true,"href":"https:\/\/www.europesays.com\/se\/wp-json\/wp\/v2\/users\/2"}],"replies":[{"embeddable":true,"href":"https:\/\/www.europesays.com\/se\/wp-json\/wp\/v2\/comments?post=130853"}],"version-history":[{"count":0,"href":"https:\/\/www.europesays.com\/se\/wp-json\/wp\/v2\/posts\/130853\/revisions"}],"wp:featuredmedia":[{"embeddable":true,"href":"https:\/\/www.europesays.com\/se\/wp-json\/wp\/v2\/media\/130854"}],"wp:attachment":[{"href":"https:\/\/www.europesays.com\/se\/wp-json\/wp\/v2\/media?parent=130853"}],"wp:term":[{"taxonomy":"category","embeddable":true,"href":"https:\/\/www.europesays.com\/se\/wp-json\/wp\/v2\/categories?post=130853"},{"taxonomy":"post_tag","embeddable":true,"href":"https:\/\/www.europesays.com\/se\/wp-json\/wp\/v2\/tags?post=130853"}],"curies":[{"name":"wp","href":"https:\/\/api.w.org\/{rel}","templated":true}]}}