{"id":130859,"date":"2026-01-09T16:01:11","date_gmt":"2026-01-09T16:01:11","guid":{"rendered":"https:\/\/www.europesays.com\/se\/130859\/"},"modified":"2026-01-09T16:01:11","modified_gmt":"2026-01-09T16:01:11","slug":"jagare-foll-ned-for-stup-raddad-fran-avsats","status":"publish","type":"post","link":"https:\/\/www.europesays.com\/se\/130859\/","title":{"rendered":"J\u00e4gare f\u00f6ll ned f\u00f6r stup \u2013 r\u00e4ddad fr\u00e5n avsats"},"content":{"rendered":"<p>Det var strax efter klockan 11 p\u00e5 fredagsf\u00f6rmiddagen som j\u00e4garen och hunden var ute i Gettj\u00e4rns naturreservat i Sunne kommun.<\/p>\n<p>\u2013 Hunden och j\u00e4garen ska ha st\u00f6rtat ned och fastnat p\u00e5 en avsats, ber\u00e4ttar Johan Gustafsson, teamledare p\u00e5 SOS Alarm, som svarar f\u00f6r R\u00e4ddningsregion Bergslagen.<\/p>\n<p>R\u00e4ddningstj\u00e4nsten hade telefonkontakt med mannen, och med hj\u00e4lp av dr\u00f6nare lyckades man lokalisera j\u00e4garen.<\/p>\n<p>\u2013 Vid 13.47 lyckades r\u00e4ddningstj\u00e4nsten f\u00e5 upp j\u00e4garen och strax d\u00e4refter \u00e4ven hunden, s\u00e4ger Johan Gustafsson.<\/p>\n<p>Enligt r\u00e4ddningstj\u00e4nsten p\u00e5 plats undkom b\u00e5de j\u00e4garen och hunden \u00e4ventyret utan personskador.<\/p>\n<p>\u2013 De var m\u00f6jligtvis en aning nedkylda efter n\u00e5gra timmars v\u00e4ntan p\u00e5 hj\u00e4lp, s\u00e4ger Johan Gustafsson. <\/p>\n","protected":false},"excerpt":{"rendered":"Det var strax efter klockan 11 p\u00e5 fredagsf\u00f6rmiddagen som j\u00e4garen och hunden var ute i Gettj\u00e4rns naturreservat i&hellip;\n","protected":false},"author":2,"featured_media":130860,"comment_status":"","ping_status":"","sticky":false,"template":"","format":"standard","meta":{"footnotes":""},"categories":[12],"tags":[22,23,26,27,17,21,24,25,28,29,15,16,18,34,31,33,32,30,19,20],"class_list":{"0":"post-130859","1":"post","2":"type-post","3":"status-publish","4":"format-standard","5":"has-post-thumbnail","7":"category-sverige","8":"tag-breaking-news","9":"tag-breakingnews","10":"tag-featured-news","11":"tag-featurednews","12":"tag-headlines","13":"tag-huvudnyheter","14":"tag-latest-news","15":"tag-latestnews","16":"tag-main-news","17":"tag-mainnews","18":"tag-news","19":"tag-nyheter","20":"tag-rubriker","21":"tag-se","22":"tag-svenska","23":"tag-sverige","24":"tag-sweden","25":"tag-swedish","26":"tag-top-stories","27":"tag-topstories"},"share_on_mastodon":{"url":"https:\/\/pubeurope.com\/@se\/115865982313684813","error":""},"_links":{"self":[{"href":"https:\/\/www.europesays.com\/se\/wp-json\/wp\/v2\/posts\/130859","targetHints":{"allow":["GET"]}}],"collection":[{"href":"https:\/\/www.europesays.com\/se\/wp-json\/wp\/v2\/posts"}],"about":[{"href":"https:\/\/www.europesays.com\/se\/wp-json\/wp\/v2\/types\/post"}],"author":[{"embeddable":true,"href":"https:\/\/www.europesays.com\/se\/wp-json\/wp\/v2\/users\/2"}],"replies":[{"embeddable":true,"href":"https:\/\/www.europesays.com\/se\/wp-json\/wp\/v2\/comments?post=130859"}],"version-history":[{"count":0,"href":"https:\/\/www.europesays.com\/se\/wp-json\/wp\/v2\/posts\/130859\/revisions"}],"wp:featuredmedia":[{"embeddable":true,"href":"https:\/\/www.europesays.com\/se\/wp-json\/wp\/v2\/media\/130860"}],"wp:attachment":[{"href":"https:\/\/www.europesays.com\/se\/wp-json\/wp\/v2\/media?parent=130859"}],"wp:term":[{"taxonomy":"category","embeddable":true,"href":"https:\/\/www.europesays.com\/se\/wp-json\/wp\/v2\/categories?post=130859"},{"taxonomy":"post_tag","embeddable":true,"href":"https:\/\/www.europesays.com\/se\/wp-json\/wp\/v2\/tags?post=130859"}],"curies":[{"name":"wp","href":"https:\/\/api.w.org\/{rel}","templated":true}]}}