{"id":130869,"date":"2026-01-09T16:10:30","date_gmt":"2026-01-09T16:10:30","guid":{"rendered":"https:\/\/www.europesays.com\/se\/130869\/"},"modified":"2026-01-09T16:10:30","modified_gmt":"2026-01-09T16:10:30","slug":"ni-larde-oss-att-svensk-demokrati-har-ett-pris","status":"publish","type":"post","link":"https:\/\/www.europesays.com\/se\/130869\/","title":{"rendered":"Ni l\u00e4rde oss att svensk demokrati har ett pris"},"content":{"rendered":"<p>Debatt\u00f6ren: Feghet f\u00f6rkl\u00e4dd till ansvarstagande<img decoding=\"async\" class=\"image-asset hyperion-css-n6kkq1\" data-test-tag=\"image-asset\" src=\"https:\/\/www.europesays.com\/se\/wp-content\/uploads\/2025\/08\/ab-icon-circle-quote@2x.png\"  alt=\"\"  loading=\"lazy\" fetchpriority=\"auto\" style=\"aspect-ratio:16 \/ 16\"\/><\/p>\n<p class=\"boxtextgrotesk-root_baa6 hyperion-css-qkznpo\"><strong>Detta \u00e4r en debattartikel.<\/strong> Det \u00e4r skribenten som st\u00e5r f\u00f6r \u00e5sikterna som f\u00f6rs fram i texten, inte Aftonbladet.<\/p>\n<p>share-arrowDela<\/p>\n<p>unsaveSpara<\/p>\n<p>expand-left<\/p>\n<p>helsk\u00e4rm<img decoding=\"async\" class=\"image-asset hyperion-css-u06ts1\" data-test-tag=\"image-asset\" src=\"https:\/\/www.europesays.com\/se\/wp-content\/uploads\/2026\/01\/96c29aed-c9cd-42fc-bd84-a64a213a2bb6.jpeg\"  alt=\"D\u00e5varande statsminister Magdalena Andersson (S) och Moderaternas ledare Ulf Kristersson (M) bes\u00f6ker de svenska trupperna i den internationella milit\u00e4r\u00f6vningen Cold Response 2022.\"  loading=\"eager\" fetchpriority=\"high\" style=\"aspect-ratio:1900 \/ 907\"\/>D\u00e5varande statsminister Magdalena Andersson (S) och Moderaternas ledare Ulf Kristersson (M) bes\u00f6ker de svenska trupperna i den internationella milit\u00e4r\u00f6vningen Cold Response 2022. Foto: Stefan Jerrev\u00e5ng<\/p>\n<p class=\"hyperion-css-1v9qo5x\">DEBATT. Tack Socialdemokraterna.<\/p>\n<p class=\"hyperion-css-1v9qo5x\">Tack Moderaterna.<\/p>\n<p class=\"hyperion-css-1v9qo5x\">Tack Sverigedemokraterna, Centerpartiet, Liberalerna och Kristdemokraterna.<\/p>\n<p class=\"hyperion-css-1v9qo5x\"><strong>Tack f\u00f6r att ni, tillsammans, \u00f6ver blockgr\u00e4nserna, i samf\u00f6rst\u00e5ndets och ansvarstagandets heliga namn, \u00f6ppnade Sveriges gr\u00e4nser och gav bort stora delar av Sveriges sj\u00e4lvbest\u00e4mmande. Tack f\u00f6r att ni reducerade neutralitet, alliansfrihet och demokratisk suver\u00e4nitet till bytesvaror i ett avtal som vi medborgare aldrig fick vara med och utforma, diskutera eller ens f\u00f6rst\u00e5 konsekvenserna av.<\/strong><\/p>\n<blockquote data-test-tag=\"blockquote\" class=\"blockquote-content_747c\"><p>pullquoteUSA beh\u00f6ver inga fler lydiga partnerl\u00e4nder<\/p><\/blockquote>\n<p class=\"hyperion-css-1v9qo5x\">Ni kallar det s\u00e4kerhetspolitik. Ni s\u00e4ger att DCA-avtaletinfocloseDCA-avtaletDefence Cooperation Agreement (DCA) \u00e4r ett bilateralt milit\u00e4rt avtal g\u00e4llande ett f\u00f6rsvarssamarbete mellan Sverige och USA. Avtalet ger bland annat USA obehindrad tillg\u00e5ng till 17 svenska milit\u00e4rbaser. handlar om trygghet, om avskr\u00e4ckning, om realism i en farlig tid. Men det ni i praktiken har gjort \u00e4r att l\u00e4gga Sveriges territorium, lagstiftning och handlingsutrymme i h\u00e4nderna p\u00e5 en milit\u00e4rmakt som inte \u00e4r k\u00e4nd f\u00f6r \u00e5terh\u00e5llsamhet, respekt f\u00f6r internationell r\u00e4tt eller \u00f6dmjukhet inf\u00f6r mindre staters sj\u00e4lvbest\u00e4mmande.<\/p>\n<p class=\"hyperion-css-1v9qo5x\">Tv\u00e4rtom visar historien, g\u00e5ng p\u00e5 g\u00e5ng, att stormakter respekterar avtal och suver\u00e4nitet s\u00e5 l\u00e4nge det passar deras egna intressen. N\u00e4r strategiska, ekonomiska eller milit\u00e4ra m\u00e5l st\u00e5r p\u00e5 spel v\u00e4ger sm\u00e5 staters sj\u00e4lvbest\u00e4mmande l\u00e4tt. L\u00f6ften om respekt f\u00f6r nationell lagstiftning, territoriell integritet och politisk autonomi har visat sig vara villkorade, tillf\u00e4lliga och i praktiken f\u00f6rhandlingsbara. Det \u00e4r inte cynism att konstatera detta, utan en slutsats baserad p\u00e5 upprepade historiska erfarenheter.<\/p>\n<p class=\"hyperion-css-1v9qo5x\"><strong>V\u00e4rldens st\u00f6rsta milit\u00e4rmakt beh\u00f6ver inga fler baser. Den beh\u00f6ver inga fler lydiga partnerl\u00e4nder. Den beh\u00f6ver framf\u00f6r allt inte \u00e4nnu ett land som tror att lojalitet k\u00f6ps genom underkastelse.<\/strong><\/p>\n<p class=\"hyperion-css-1v9qo5x\"><strong>Det mest anm\u00e4rkningsv\u00e4rda \u00e4r inte ens vad ni har gjort, utan hur. Beslutet klubbades med en sj\u00e4lvklarhet som om det handlade om en ny parkeringsstrategi i en mellanstor kommun. Remissinstanser som varnade avf\u00e4rdades. Kritiska r\u00f6ster reducerades till \u201dnyttiga idioter\u201d, s\u00e4kerhetsrisker eller misst\u00e4nkliggjordes som illojala. Grundl\u00e4ggande fr\u00e5gor om jurisdiktion, ansvar, k\u00e4rnvapen och framtida konflikter viftades bort som detaljer.<\/strong><\/p>\n<p class=\"hyperion-css-1v9qo5x\">Ni har vant er vid tanken att s\u00e4kerhetspolitik \u00e4r f\u00f6r viktig f\u00f6r att diskuteras \u00f6ppet. Att medborgarna inte ska begripa, bara acceptera. Att oro \u00e4r farligare \u00e4n tystnad. Det \u00e4r ett farligt tankes\u00e4tt. F\u00f6r n\u00e4r politiken slutar f\u00f6rklara, b\u00f6rjar den ist\u00e4llet beordra.<\/p>\n<p class=\"hyperion-css-1v9qo5x\">Och l\u00e5t oss tala klarspr\u00e5k: det h\u00e4r avtalet handlar inte om f\u00f6rsvar av Sverige. Det handlar om att g\u00f6ra Sverige anv\u00e4ndbart. Strategiskt placerat. Logistiskt smidigt. Politiskt fogligt.<\/p>\n<p>expand-left<\/p>\n<p>helsk\u00e4rm<img decoding=\"async\" class=\"image-asset hyperion-css-u06ts1\" data-test-tag=\"image-asset\" src=\"https:\/\/www.europesays.com\/se\/wp-content\/uploads\/2026\/01\/2c4c04f6-bfb7-48ca-8545-f6a1d8df162f.jpeg\"  alt=\"Fallsk\u00e4rmsj\u00e4gare ur USA:s 173rd Airborne Brigade \u00f6var i Kvarn i \u00d6sterg\u00f6tland i samband med Nato\u00f6vningen Swift Response 24.\"  loading=\"eager\" fetchpriority=\"high\" style=\"aspect-ratio:1900 \/ 1255\"\/>Fallsk\u00e4rmsj\u00e4gare ur USA:s 173rd Airborne Brigade \u00f6var i Kvarn i \u00d6sterg\u00f6tland i samband med Nato\u00f6vningen Swift Response 24. Foto: Stefan Jerrev\u00e5ng<\/p>\n<p class=\"hyperion-css-1v9qo5x\"><strong>Ni har knutit Sveriges \u00f6de till en stormakt vars ledarskap pr\u00e4glas av geopolitisk arrogans och personlig narcissism, ett land som i praktiken g\u00e5ng p\u00e5 g\u00e5ng visar att sm\u00e5 staters suver\u00e4nitet \u00e4r f\u00f6rhandlingsbar, och d\u00e4r avtalet ni nu skrivit g\u00f6r det betydligt sv\u00e5rare f\u00f6r Sverige att s\u00e4ga nej n\u00e4r kraven v\u00e4l kommer.<\/strong><\/p>\n<p class=\"hyperion-css-1v9qo5x\">\u201cDet finns inga garantier\u201d, s\u00e4ger ni. Nej, just det. Det \u00e4r precis problemet.<\/p>\n<p class=\"hyperion-css-1v9qo5x\">Ni har s\u00e5lt in detta som n\u00f6dv\u00e4ndigt, men aldrig som \u00f6nskv\u00e4rt. Som om framtiden vore ett naturfenomen snarare \u00e4n resultatet av politiska val. Som om underkastelse vore realism och sj\u00e4lvst\u00e4ndighet naivitet.<\/p>\n<blockquote data-test-tag=\"blockquote\" class=\"blockquote-content_747c\"><p>pullquoteNi valde den enkla v\u00e4gen<\/p><\/blockquote>\n<p class=\"hyperion-css-1v9qo5x\"><strong>S\u00e4rskilt anm\u00e4rkningsv\u00e4rt \u00e4r Socialdemokraternas roll. Partiet som en g\u00e5ng byggde sin identitet p\u00e5 fred, sj\u00e4lvst\u00e4ndighet och internationell r\u00e4tt har nu blivit garant f\u00f6r ett avtal som urholkar just dessa principer. Men \u00e4ven h\u00f6gern b\u00e4r sitt ansvar. Ni som talar varmast om nationellt sj\u00e4lvbest\u00e4mmande var de f\u00f6rsta att l\u00e4gga det p\u00e5 f\u00f6rhandlingsbordet.<\/strong><\/p>\n<p class=\"hyperion-css-1v9qo5x\">Och Sverigedemokraterna? Partiet som s\u00e4ger sig v\u00e4rna svensk suver\u00e4nitet appl\u00e5derade n\u00e4r den monterades ned s\u00e5 l\u00e4nge det skedde i milit\u00e4runiform och med amerikansk flagga i bakgrunden.<\/p>\n<p class=\"hyperion-css-1v9qo5x\">Det h\u00e4r \u00e4r inte styrka. Det \u00e4r inte realism. Det \u00e4r feghet f\u00f6rkl\u00e4dd till ansvarstagande. Ni valde den enkla v\u00e4gen: att f\u00f6lja str\u00f6mmen, att inte sticka ut, att inte riskera kritik fr\u00e5n st\u00f6rre makter. Men historien har en tendens att vara obarmh\u00e4rtig mot politiker som tror att sj\u00e4lvst\u00e4ndighet \u00e4r n\u00e5got man kan pausa tills vidare.<\/p>\n<p class=\"hyperion-css-1v9qo5x\"><strong>Tack f\u00f6r att ni visade hur snabbt principer kan \u00f6verges n\u00e4r de blir obekv\u00e4ma. Tack f\u00f6r att ni l\u00e4rde oss att svensk demokrati tydligen har ett pris \u2013 och att ni var beredda att betala det utan att fr\u00e5ga oss.<\/strong><\/p>\n<p class=\"hyperion-css-1v9qo5x\"><strong>Fr\u00e5gan \u00e4r bara: vem betalar notan n\u00e4r konsekvenserna kommer?<\/strong><\/p>\n<p><img decoding=\"async\" class=\"image-asset hyperion-css-u06ts1\" data-test-tag=\"image-asset\" src=\"https:\/\/www.europesays.com\/se\/wp-content\/uploads\/2026\/01\/1767975030_615_de9f2348-8035-4a2d-9763-a962274ff7de.png\"  alt=\"\"  loading=\"eager\" fetchpriority=\"high\" style=\"aspect-ratio:1401 \/ 38\"\/><\/p>\n<p class=\"hyperion-css-1v9qo5x\"><strong>Kari Parman<\/strong>, oberoende debatt\u00f6r<\/p>\n<p>expand-left<\/p>\n<p>helsk\u00e4rm<img decoding=\"async\" class=\"image-asset hyperion-css-u06ts1\" data-test-tag=\"image-asset\" src=\"https:\/\/www.europesays.com\/se\/wp-content\/uploads\/2026\/01\/c4252dab-c834-426b-acd9-65e4aeb7fc63.jpeg\"  alt=\"Det mest anm\u00e4rkningsv\u00e4rda \u00e4r inte ens vad ni har gjort, utan hur. Beslutet klubbades med en sj\u00e4lvklarhet som om det handlade om en ny parkeringsstrategi i en mellanstor kommun, skriver undertecknaren om DCA-avtalet mellan Sverige och USA.\"  loading=\"eager\" fetchpriority=\"high\" style=\"aspect-ratio:1200 \/ 627\"\/>Det mest anm\u00e4rkningsv\u00e4rda \u00e4r inte ens vad ni har gjort, utan hur. Beslutet klubbades med en sj\u00e4lvklarhet som om det handlade om en ny parkeringsstrategi i en mellanstor kommun, skriver undertecknaren om DCA-avtalet mellan Sverige och USA. Foto: PrivatFAKTAS\u00e5 skriver du en debattartikel<\/p>\n<p class=\"hyperion-css-jonaf8\"><strong>Vill du ocks\u00e5 debattera? S\u00e5 h\u00e4r g\u00f6r du om du vill skicka in debattartiklar och ins\u00e4ndare till Aftonbladet Debatt.<\/strong><\/p>\n<p class=\"hyperion-css-jonaf8\">arrow Debattartikel:<\/p>\n<p class=\"hyperion-css-jonaf8\">Skriv runt 3 500 tecken inklusive blanksteg och mejla texten till debatt@aftonbladet.se<\/p>\n<p class=\"hyperion-css-jonaf8\">Skicka med bild p\u00e5 dig sj\u00e4lv och kontaktuppgifter. Vi l\u00e4ser och svarar s\u00e5 fort vi kan, oftast inom 24 timmar.<\/p>\n<p class=\"hyperion-css-jonaf8\">arrow Replik:<\/p>\n<p class=\"hyperion-css-jonaf8\">Skriv max 2 000 tecken inklusive blanksteg och mejla texten till debatt@aftonbladet.se<\/p>\n<p>L\u00e4s mer<\/p>\n","protected":false},"excerpt":{"rendered":"Debatt\u00f6ren: Feghet f\u00f6rkl\u00e4dd till ansvarstagande Detta \u00e4r en debattartikel. Det \u00e4r skribenten som st\u00e5r f\u00f6r \u00e5sikterna som f\u00f6rs&hellip;\n","protected":false},"author":2,"featured_media":130870,"comment_status":"","ping_status":"","sticky":false,"template":"","format":"standard","meta":{"footnotes":""},"categories":[5],"tags":[22,23,26,27,17,21,24,25,28,29,15,16,18,34,31,33,32,30,19,20],"class_list":{"0":"post-130869","1":"post","2":"type-post","3":"status-publish","4":"format-standard","5":"has-post-thumbnail","7":"category-rubriker","8":"tag-breaking-news","9":"tag-breakingnews","10":"tag-featured-news","11":"tag-featurednews","12":"tag-headlines","13":"tag-huvudnyheter","14":"tag-latest-news","15":"tag-latestnews","16":"tag-main-news","17":"tag-mainnews","18":"tag-news","19":"tag-nyheter","20":"tag-rubriker","21":"tag-se","22":"tag-svenska","23":"tag-sverige","24":"tag-sweden","25":"tag-swedish","26":"tag-top-stories","27":"tag-topstories"},"share_on_mastodon":{"url":"https:\/\/pubeurope.com\/@se\/115866017692693593","error":""},"_links":{"self":[{"href":"https:\/\/www.europesays.com\/se\/wp-json\/wp\/v2\/posts\/130869","targetHints":{"allow":["GET"]}}],"collection":[{"href":"https:\/\/www.europesays.com\/se\/wp-json\/wp\/v2\/posts"}],"about":[{"href":"https:\/\/www.europesays.com\/se\/wp-json\/wp\/v2\/types\/post"}],"author":[{"embeddable":true,"href":"https:\/\/www.europesays.com\/se\/wp-json\/wp\/v2\/users\/2"}],"replies":[{"embeddable":true,"href":"https:\/\/www.europesays.com\/se\/wp-json\/wp\/v2\/comments?post=130869"}],"version-history":[{"count":0,"href":"https:\/\/www.europesays.com\/se\/wp-json\/wp\/v2\/posts\/130869\/revisions"}],"wp:featuredmedia":[{"embeddable":true,"href":"https:\/\/www.europesays.com\/se\/wp-json\/wp\/v2\/media\/130870"}],"wp:attachment":[{"href":"https:\/\/www.europesays.com\/se\/wp-json\/wp\/v2\/media?parent=130869"}],"wp:term":[{"taxonomy":"category","embeddable":true,"href":"https:\/\/www.europesays.com\/se\/wp-json\/wp\/v2\/categories?post=130869"},{"taxonomy":"post_tag","embeddable":true,"href":"https:\/\/www.europesays.com\/se\/wp-json\/wp\/v2\/tags?post=130869"}],"curies":[{"name":"wp","href":"https:\/\/api.w.org\/{rel}","templated":true}]}}