{"id":130873,"date":"2026-01-09T16:13:09","date_gmt":"2026-01-09T16:13:09","guid":{"rendered":"https:\/\/www.europesays.com\/se\/130873\/"},"modified":"2026-01-09T16:13:09","modified_gmt":"2026-01-09T16:13:09","slug":"morrissey-slapper-nytt-album-efter-sex-ar","status":"publish","type":"post","link":"https:\/\/www.europesays.com\/se\/130873\/","title":{"rendered":"Morrissey sl\u00e4pper nytt album efter sex \u00e5r"},"content":{"rendered":"<p>Efter flera hintar bekr\u00e4ftar nu den brittiska artisten Morrissey att han sl\u00e4pper ny musik. Det ber\u00e4ttar han sj\u00e4lv p\u00e5 sociala medier och publicerar en bild p\u00e5 omslaget. Albumet \u201dMake-up is a lie\u201d \u00e4r The Smiths-s\u00e5ngarens f\u00f6rsta p\u00e5 fem \u00e5r och sl\u00e4pps den 5 mars, enligt NME.<\/p>\n<p>I samband med avsl\u00f6jandet sl\u00e4pps ocks\u00e5 albumets titelsp\u00e5r. <\/p>\n<p>Omni \u00e4r politiskt obundna och oberoende. Vi str\u00e4var efter att ge fler perspektiv p\u00e5 nyheterna. Har du fr\u00e5gor eller synpunkter kring v\u00e5r rapportering? <a href=\"https:\/\/omni.se\/morrissey-slapper-nytt-album-efter-sex-ar\/a\/mailto:redaktion@omni.se\" class=\"ArticleActions_contactLink__W2F1M\" rel=\"nofollow noopener\" target=\"_blank\">Kontakta redaktionen<\/a><\/p>\n","protected":false},"excerpt":{"rendered":"Efter flera hintar bekr\u00e4ftar nu den brittiska artisten Morrissey att han sl\u00e4pper ny musik. Det ber\u00e4ttar han sj\u00e4lv&hellip;\n","protected":false},"author":2,"featured_media":130874,"comment_status":"","ping_status":"","sticky":false,"template":"","format":"standard","meta":{"footnotes":""},"categories":[67],"tags":[104,13435,172,34,31,33,32,30,105],"class_list":{"0":"post-130873","1":"post","2":"type-post","3":"status-publish","4":"format-standard","5":"has-post-thumbnail","7":"category-underhallning","8":"tag-entertainment","9":"tag-morrissey","10":"tag-musik","11":"tag-se","12":"tag-svenska","13":"tag-sverige","14":"tag-sweden","15":"tag-swedish","16":"tag-underhallning"},"share_on_mastodon":{"url":"https:\/\/pubeurope.com\/@se\/115866029388638867","error":""},"_links":{"self":[{"href":"https:\/\/www.europesays.com\/se\/wp-json\/wp\/v2\/posts\/130873","targetHints":{"allow":["GET"]}}],"collection":[{"href":"https:\/\/www.europesays.com\/se\/wp-json\/wp\/v2\/posts"}],"about":[{"href":"https:\/\/www.europesays.com\/se\/wp-json\/wp\/v2\/types\/post"}],"author":[{"embeddable":true,"href":"https:\/\/www.europesays.com\/se\/wp-json\/wp\/v2\/users\/2"}],"replies":[{"embeddable":true,"href":"https:\/\/www.europesays.com\/se\/wp-json\/wp\/v2\/comments?post=130873"}],"version-history":[{"count":0,"href":"https:\/\/www.europesays.com\/se\/wp-json\/wp\/v2\/posts\/130873\/revisions"}],"wp:featuredmedia":[{"embeddable":true,"href":"https:\/\/www.europesays.com\/se\/wp-json\/wp\/v2\/media\/130874"}],"wp:attachment":[{"href":"https:\/\/www.europesays.com\/se\/wp-json\/wp\/v2\/media?parent=130873"}],"wp:term":[{"taxonomy":"category","embeddable":true,"href":"https:\/\/www.europesays.com\/se\/wp-json\/wp\/v2\/categories?post=130873"},{"taxonomy":"post_tag","embeddable":true,"href":"https:\/\/www.europesays.com\/se\/wp-json\/wp\/v2\/tags?post=130873"}],"curies":[{"name":"wp","href":"https:\/\/api.w.org\/{rel}","templated":true}]}}