{"id":130879,"date":"2026-01-09T16:20:07","date_gmt":"2026-01-09T16:20:07","guid":{"rendered":"https:\/\/www.europesays.com\/se\/130879\/"},"modified":"2026-01-09T16:20:07","modified_gmt":"2026-01-09T16:20:07","slug":"efter-snokaoset-sa-blir-vadret-framat-norra-halland","status":"publish","type":"post","link":"https:\/\/www.europesays.com\/se\/130879\/","title":{"rendered":"Efter sn\u00f6kaoset \u2013 s\u00e5 blir v\u00e4dret fram\u00e5t &#8211; Norra Halland"},"content":{"rendered":"<ol>\n<li><a href=\"https:\/\/news.google.com\/rss\/articles\/CBMigwFBVV95cUxPSFdJWV9tMFJQZ1ZIZ1A5ZmpCdUJicVl2Z295S1FoYXpoOFRtbE1JSlFPWFJ2dktPSElUbVhfT193QXJ0cW1DVzUzTXdMYlpwemk3djVBdjlHS3F0czNBQ1pqOC1sai0zRW5vNkotNGVIaWxKU2FZTW5VTDhobmEwY2NDWQ?oc=5\" target=\"_blank\" rel=\"nofollow noopener\">Efter sn\u00f6kaoset \u2013 s\u00e5 blir v\u00e4dret fram\u00e5t<\/a>&nbsp;&nbsp;Norra Halland<\/li>\n<li><a href=\"https:\/\/news.google.com\/rss\/articles\/CBMiigFBVV95cUxQNDRZejNrZFFhOG5vSG5SaDJfRGxZV2pEXzVVUk4xUjRpdUpFSzVKb29jVUpkeXVuTmFMMFZkZHVyX2p6cjZXRkQxVUI3Y2lFc3lhbExndWhkMEVFX2MzbDFxckl3eDBadlVFVlRKRWxkVUd6MmZlVi1CdzVpVTVhb2NjZEgxMTltQkE?oc=5\" target=\"_blank\" rel=\"nofollow noopener\">K\u00f6ldkn\u00e4pp till helgen \u2013 h\u00e4r blir det kallast<\/a>&nbsp;&nbsp;Expressen<\/li>\n<li><a href=\"https:\/\/news.google.com\/rss\/articles\/CBMirAFBVV95cUxPUFkzd1lNQW04ZmZrYmFxdW1LaWhtMFJfRnFvclhFRktGaDVVdFFMYjYwQ0EyeU5jLTNfWFJ5SjFHZkFqQUJuLTNiYzhjNGU2eXBHV0EyWTdfUHB1LUt6anJ5NXNMaDZMOVdFSllvTFR3YnIyNVhkVTN0ZmVMbFRCTzdxOThWNS1URU9RWE13SExzR3U5VDhaUFBELU5rUUt4YXJ3Rkx0Ym1vM09z?oc=5\" target=\"_blank\" rel=\"nofollow noopener\">Lugn v\u00e4der och solsken p\u00e5 g\u00e5ng \u2013 efter veckans sn\u00f6kaos<\/a>&nbsp;&nbsp;TV4 Nyheterna<\/li>\n<li><a href=\"https:\/\/news.google.com\/rss\/articles\/CBMisAFBVV95cUxNNGE2Y3lIS1UxS2lDNnI4amRkeHNxZW1OV2xnYmdJc1p2RXVxamdSUGFEUnFHcWdRUWN1b0FEeFJNR1FjLXVpN0hOb0ZsVXNmTk5Wam5HWHo2QjR5bmhaTk1EczV4UE8waXpPczNFM3ZIbGRGMTRidjdKYWtya29oTHZNTXNySU9uSldJenJmaHNraFZ5STdQZnVXdlk1MnpBNVAyd3U5aUUxdEs0RVktSw?oc=5\" target=\"_blank\" rel=\"nofollow noopener\">Helgv\u00e4dret: Soligt och riktig vinterkyla<\/a>&nbsp;&nbsp;GP<\/li>\n<li><a href=\"https:\/\/news.google.com\/rss\/articles\/CBMimgFBVV95cUxQS3AyTXI1WmNIcVQxRF9WNVRLeTlLYnFKTjJ3U19yaUNBMS1NRWNnWVFoSGxud05NZ1NxQ0MycVZpS29lTktQYXlRQUhRbGlpMTFpOTQ5WjY0MzNjWXhPcGdFb2NZejNhRkItOXpzLWNzUkZxN2hiQ3ZHVmpsNUM4dXM4Z1V3eFY3dlVjcHlLSzQ1T1hTZFF1NVFB?oc=5\" target=\"_blank\" rel=\"nofollow noopener\">Prognosen visar: Sjunker ner till minus 18 grader i \u00d6sterg\u00f6tland<\/a>&nbsp;&nbsp;NT<\/li>\n<\/ol>\n","protected":false},"excerpt":{"rendered":"Efter sn\u00f6kaoset \u2013 s\u00e5 blir v\u00e4dret fram\u00e5t&nbsp;&nbsp;Norra Halland K\u00f6ldkn\u00e4pp till helgen \u2013 h\u00e4r blir det kallast&nbsp;&nbsp;Expressen Lugn v\u00e4der&hellip;\n","protected":false},"author":2,"featured_media":130880,"comment_status":"","ping_status":"","sticky":false,"template":"","format":"standard","meta":{"footnotes":""},"categories":[5],"tags":[22,23,26,27,17,21,24,25,28,29,15,16,18,34,31,33,32,30,19,20],"class_list":{"0":"post-130879","1":"post","2":"type-post","3":"status-publish","4":"format-standard","5":"has-post-thumbnail","7":"category-rubriker","8":"tag-breaking-news","9":"tag-breakingnews","10":"tag-featured-news","11":"tag-featurednews","12":"tag-headlines","13":"tag-huvudnyheter","14":"tag-latest-news","15":"tag-latestnews","16":"tag-main-news","17":"tag-mainnews","18":"tag-news","19":"tag-nyheter","20":"tag-rubriker","21":"tag-se","22":"tag-svenska","23":"tag-sverige","24":"tag-sweden","25":"tag-swedish","26":"tag-top-stories","27":"tag-topstories"},"share_on_mastodon":{"url":"https:\/\/pubeurope.com\/@se\/115866057109415475","error":""},"_links":{"self":[{"href":"https:\/\/www.europesays.com\/se\/wp-json\/wp\/v2\/posts\/130879","targetHints":{"allow":["GET"]}}],"collection":[{"href":"https:\/\/www.europesays.com\/se\/wp-json\/wp\/v2\/posts"}],"about":[{"href":"https:\/\/www.europesays.com\/se\/wp-json\/wp\/v2\/types\/post"}],"author":[{"embeddable":true,"href":"https:\/\/www.europesays.com\/se\/wp-json\/wp\/v2\/users\/2"}],"replies":[{"embeddable":true,"href":"https:\/\/www.europesays.com\/se\/wp-json\/wp\/v2\/comments?post=130879"}],"version-history":[{"count":0,"href":"https:\/\/www.europesays.com\/se\/wp-json\/wp\/v2\/posts\/130879\/revisions"}],"wp:featuredmedia":[{"embeddable":true,"href":"https:\/\/www.europesays.com\/se\/wp-json\/wp\/v2\/media\/130880"}],"wp:attachment":[{"href":"https:\/\/www.europesays.com\/se\/wp-json\/wp\/v2\/media?parent=130879"}],"wp:term":[{"taxonomy":"category","embeddable":true,"href":"https:\/\/www.europesays.com\/se\/wp-json\/wp\/v2\/categories?post=130879"},{"taxonomy":"post_tag","embeddable":true,"href":"https:\/\/www.europesays.com\/se\/wp-json\/wp\/v2\/tags?post=130879"}],"curies":[{"name":"wp","href":"https:\/\/api.w.org\/{rel}","templated":true}]}}