{"id":130888,"date":"2026-01-09T16:29:18","date_gmt":"2026-01-09T16:29:18","guid":{"rendered":"https:\/\/www.europesays.com\/se\/130888\/"},"modified":"2026-01-09T16:29:18","modified_gmt":"2026-01-09T16:29:18","slug":"vasternorrland-tillbaka-i-normallage-efter-snokaos-lakartidningen","status":"publish","type":"post","link":"https:\/\/www.europesays.com\/se\/130888\/","title":{"rendered":"V\u00e4sternorrland tillbaka i normall\u00e4ge efter sn\u00f6kaos \u2013 L\u00e4kartidningen"},"content":{"rendered":"<p>P\u00e5 f\u00f6rmiddagen i g\u00e5r meddelades att sjukhuset och h\u00e4lsocentraler i Sundsvall gick upp i stabsl\u00e4ge f\u00f6r att hantera situationen med det kraftiga sn\u00f6ov\u00e4der som de senaste dagarna drabbat flera delar av landet. Senare meddelades att f\u00f6rst\u00e4rkningsl\u00e4ge nu g\u00e4llde p\u00e5 samtliga sjukhusorter i regionen.<\/p>\n<p>I dag, fredag, har samtliga sjukhus och h\u00e4lsocentraler \u00e5terg\u00e5tt till normall\u00e4ge, skriver regionen p\u00e5 sin webbplats. \u00c4ven den regionala krisledningen har avvecklats. \u00bbKonsekvenserna av det senaste dygnets sn\u00f6ov\u00e4der f\u00f6r v\u00e5ra verksamheter blev dessb\u00e4ttre inte fullt s\u00e5 allvarliga som befarat. Alla sjukhusorter har klarat av uppr\u00e4tta h\u00e5lla bemanningen och en fungerande verksamhet\u00ab, s\u00e4ger regiondirekt\u00f6r \u00c5sa Bellander i ett uttalande.<\/p>\n<p>\n\t\tAnnons\t\t\t<\/p>\n<p>\t\t<a href=\"https:\/\/pro.novonordisk.se\/lakemedel\/ozempic.html?cid=paid3-nvqirmfzx7\" data-ad-target=\"link\" class=\"Ad-content\" rel=\"sponsored nofollow noopener\" target=\"_blank\"><\/p>\n<p>\t\t\t\t<img alt=\"Annons\" class=\"MediaWrapper-content Ad-image\" src=\"https:\/\/www.europesays.com\/se\/wp-content\/uploads\/2026\/01\/1767976158_479_ozempic-1404x720-lt.gif\" data-lazy-load-target=\"content\" width=\"468\" height=\"240\" loading=\"lazy\" decoding=\"async\" fetchpriority=\"auto\"\/><\/p>\n<p>\t\t<\/a><\/p>\n","protected":false},"excerpt":{"rendered":"P\u00e5 f\u00f6rmiddagen i g\u00e5r meddelades att sjukhuset och h\u00e4lsocentraler i Sundsvall gick upp i stabsl\u00e4ge f\u00f6r att hantera&hellip;\n","protected":false},"author":2,"featured_media":83948,"comment_status":"","ping_status":"","sticky":false,"template":"","format":"standard","meta":{"footnotes":""},"categories":[5],"tags":[22,23,26,27,17,21,24,25,28,29,15,16,18,34,31,33,32,30,19,20],"class_list":{"0":"post-130888","1":"post","2":"type-post","3":"status-publish","4":"format-standard","5":"has-post-thumbnail","7":"category-rubriker","8":"tag-breaking-news","9":"tag-breakingnews","10":"tag-featured-news","11":"tag-featurednews","12":"tag-headlines","13":"tag-huvudnyheter","14":"tag-latest-news","15":"tag-latestnews","16":"tag-main-news","17":"tag-mainnews","18":"tag-news","19":"tag-nyheter","20":"tag-rubriker","21":"tag-se","22":"tag-svenska","23":"tag-sverige","24":"tag-sweden","25":"tag-swedish","26":"tag-top-stories","27":"tag-topstories"},"share_on_mastodon":{"url":"https:\/\/pubeurope.com\/@se\/115866092383006001","error":""},"_links":{"self":[{"href":"https:\/\/www.europesays.com\/se\/wp-json\/wp\/v2\/posts\/130888","targetHints":{"allow":["GET"]}}],"collection":[{"href":"https:\/\/www.europesays.com\/se\/wp-json\/wp\/v2\/posts"}],"about":[{"href":"https:\/\/www.europesays.com\/se\/wp-json\/wp\/v2\/types\/post"}],"author":[{"embeddable":true,"href":"https:\/\/www.europesays.com\/se\/wp-json\/wp\/v2\/users\/2"}],"replies":[{"embeddable":true,"href":"https:\/\/www.europesays.com\/se\/wp-json\/wp\/v2\/comments?post=130888"}],"version-history":[{"count":0,"href":"https:\/\/www.europesays.com\/se\/wp-json\/wp\/v2\/posts\/130888\/revisions"}],"wp:featuredmedia":[{"embeddable":true,"href":"https:\/\/www.europesays.com\/se\/wp-json\/wp\/v2\/media\/83948"}],"wp:attachment":[{"href":"https:\/\/www.europesays.com\/se\/wp-json\/wp\/v2\/media?parent=130888"}],"wp:term":[{"taxonomy":"category","embeddable":true,"href":"https:\/\/www.europesays.com\/se\/wp-json\/wp\/v2\/categories?post=130888"},{"taxonomy":"post_tag","embeddable":true,"href":"https:\/\/www.europesays.com\/se\/wp-json\/wp\/v2\/tags?post=130888"}],"curies":[{"name":"wp","href":"https:\/\/api.w.org\/{rel}","templated":true}]}}