{"id":130901,"date":"2026-01-09T16:40:12","date_gmt":"2026-01-09T16:40:12","guid":{"rendered":"https:\/\/www.europesays.com\/se\/130901\/"},"modified":"2026-01-09T16:40:12","modified_gmt":"2026-01-09T16:40:12","slug":"forsta-dejten-i-svt-pausas","status":"publish","type":"post","link":"https:\/\/www.europesays.com\/se\/130901\/","title":{"rendered":"F\u00f6rsta dejten i SVT pausas"},"content":{"rendered":"<p>Publicerad 9 jan 2026 kl 17.17<\/p>\n<p>\u201dF\u00f6rsta dejten\u201d i SVT pausas p\u00e5 obest\u00e4md tid.<\/p>\n<p>\u201dDet st\u00e4mmer att F\u00f6rsta dejten inte \u00e4r best\u00e4lld f\u00f6r i \u00e5r\u201d, bekr\u00e4ftar programchefen f\u00f6r Charles Franz till <a href=\"https:\/\/www.aftonbladet.se\/nojesbladet\/a\/Rj99XA\/forsta-dejten-i-svt-lagger-ner?utm_source=iosapp&amp;utm_medium=share\" rel=\"nofollow noopener\" target=\"_blank\">Aftonbladet<\/a>.<\/p>\n<p><img   alt=\"\"\/><\/p>\n<p>Cato Helleren, Andrea Fr\u00f6jd och Daniel Meyn som brukar medverka i programmet.<\/p>\n<p>Foto: OLLE SPORRONG<\/p>\n<p>\u00d6ppna bild i helsk\u00e4rm<img loading=\"lazy\"   alt=\"\"\/><\/p>\n<p>Curt, 87 och Gunilla, 81 fann varandra i programmet.<\/p>\n<p>Foto: OLLE SPORRONG<\/p>\n<p>\u00d6ppna bild i helsk\u00e4rm<\/p>\n<p>Dejtingprogrammet \u201dF\u00f6rsta dejten\u201d d\u00e4r tv\u00e5 personer som aldrig har tr\u00e4ffats innan g\u00e5r p\u00e5 dejt har s\u00e4nts i <a href=\"https:\/\/www.expressen.se\/tagg\/organization\/svt\/\" class=\"\" rel=\"nofollow noopener\" target=\"_blank\">SVT<\/a> sedan 2017.<\/p>\n<p>Nu bekr\u00e4ftar SVT att programmet pausas efter \u00e5tta s\u00e4songer.<\/p>\n<p>\u201dN\u00e4r det g\u00e4ller v\u00e5ra k\u00e4rleksprogram ser 2026 lite annorlunda ut. F\u00f6rst har vi &#8217;Gift vid f\u00f6rsta \u00f6gonkastet&#8217; i v\u00e5r, sen kommer &#8217;Hotell Romantik&#8217; p\u00e5 f\u00f6rsommaren d\u00e4r &#8217;F\u00f6rsta dejten&#8217; ibland har legat och d\u00e4refter ett GVF\u00d6 i supersize-version med m\u00e5nga avsnitt i h\u00f6st. S\u00e5 det blir mycket k\u00e4rlek p\u00e5 SVT \u00e4ven i \u00e5r, men just F\u00f6rsta dejtens framtid \u00e4r vi i diskussion om\u201d, skriver Charles Franz programchef f\u00f6r kunskap och livsstil i ett meddelande till Aftonbladet.<\/p>\n<p>Bartendern Daniel Meyn som syns i programmet tycker att det k\u00e4nns \u201dhelt okej\u201d att programmet pausas.<\/p>\n<p>\u2013 Jag har andra jobb s\u00e5 det h\u00e4r har mer varit en hobby, men som har varit v\u00e4ldigt \u00e4lskv\u00e4rt att g\u00f6ra. Jag k\u00e4nner en enorm stolthet att vi hittade in i folks vardagsrum och programmet mottogs v\u00e4l och var fint, genuint och \u00e4kta. Vi letade aldrig efter sensations-tv utan det var riktiga m\u00e4nniskor som s\u00f6kte k\u00e4rleken och vi hj\u00e4lpte till med det och det var fint att f\u00e5 vara med om det, s\u00e4ger han till Aftonbladet.<\/p>\n","protected":false},"excerpt":{"rendered":"Publicerad 9 jan 2026 kl 17.17 \u201dF\u00f6rsta dejten\u201d i SVT pausas p\u00e5 obest\u00e4md tid. \u201dDet st\u00e4mmer att F\u00f6rsta&hellip;\n","protected":false},"author":2,"featured_media":130902,"comment_status":"","ping_status":"","sticky":false,"template":"","format":"standard","meta":{"footnotes":""},"categories":[67],"tags":[104,361,34,645,31,33,32,30,547,105],"class_list":{"0":"post-130901","1":"post","2":"type-post","3":"status-publish","4":"format-standard","5":"has-post-thumbnail","7":"category-underhallning","8":"tag-entertainment","9":"tag-organization-svt","10":"tag-se","11":"tag-sections-tv","12":"tag-svenska","13":"tag-sverige","14":"tag-sweden","15":"tag-swedish","16":"tag-topic-karlek-relationer","17":"tag-underhallning"},"share_on_mastodon":{"url":"https:\/\/pubeurope.com\/@se\/115866135578055445","error":""},"_links":{"self":[{"href":"https:\/\/www.europesays.com\/se\/wp-json\/wp\/v2\/posts\/130901","targetHints":{"allow":["GET"]}}],"collection":[{"href":"https:\/\/www.europesays.com\/se\/wp-json\/wp\/v2\/posts"}],"about":[{"href":"https:\/\/www.europesays.com\/se\/wp-json\/wp\/v2\/types\/post"}],"author":[{"embeddable":true,"href":"https:\/\/www.europesays.com\/se\/wp-json\/wp\/v2\/users\/2"}],"replies":[{"embeddable":true,"href":"https:\/\/www.europesays.com\/se\/wp-json\/wp\/v2\/comments?post=130901"}],"version-history":[{"count":0,"href":"https:\/\/www.europesays.com\/se\/wp-json\/wp\/v2\/posts\/130901\/revisions"}],"wp:featuredmedia":[{"embeddable":true,"href":"https:\/\/www.europesays.com\/se\/wp-json\/wp\/v2\/media\/130902"}],"wp:attachment":[{"href":"https:\/\/www.europesays.com\/se\/wp-json\/wp\/v2\/media?parent=130901"}],"wp:term":[{"taxonomy":"category","embeddable":true,"href":"https:\/\/www.europesays.com\/se\/wp-json\/wp\/v2\/categories?post=130901"},{"taxonomy":"post_tag","embeddable":true,"href":"https:\/\/www.europesays.com\/se\/wp-json\/wp\/v2\/tags?post=130901"}],"curies":[{"name":"wp","href":"https:\/\/api.w.org\/{rel}","templated":true}]}}