{"id":130908,"date":"2026-01-09T16:48:10","date_gmt":"2026-01-09T16:48:10","guid":{"rendered":"https:\/\/www.europesays.com\/se\/130908\/"},"modified":"2026-01-09T16:48:10","modified_gmt":"2026-01-09T16:48:10","slug":"hugh-jackman-och-kate-hudsons-biopic-kritiseras-kallas-monster-av-huvudpersonens-son","status":"publish","type":"post","link":"https:\/\/www.europesays.com\/se\/130908\/","title":{"rendered":"Hugh Jackman och Kate Hudsons biopic kritiseras &#8211; kallas monster av huvudpersonens son"},"content":{"rendered":"<p>I den nya biopicen <strong>\u201dToner av k\u00e4rlek\u201d<\/strong> (originaltitel: \u201dSong Sung Blue\u201d) spelar <strong>Hugh Jackman<\/strong> och<strong> Kate Hudson<\/strong> Mike och Claire Sardina, som utgjorde Neil Diamond-tribute-bandet Lightning &amp; Thunder.<\/p>\n<p>Filmen hade premi\u00e4r i december, har bland annat Golden Globe-nominerats f\u00f6r B\u00e4sta kvinnliga huvudroll och hyllas av m\u00e5nga f\u00f6r sitt hj\u00e4rtev\u00e4rmande portr\u00e4tt av m\u00e4nniskorna bakom musiken.<\/p>\n<p>Men nu har Jackman, Hudson och filmskaparna mottagit h\u00e5rd kritik fr\u00e5n verkliga personer med koppling till ber\u00e4ttelsen. Michael Sardina Jr., son till den avlidne Mike Sardina, har i en intervju med Daily Mail uttryckt stark ilska \u00f6ver hur hans familjs historia presenteras.<\/p>\n<p>Han anklagar sk\u00e5despelarna och filmteamet f\u00f6r att ha f\u00f6rvanskat verkligheten och utel\u00e4mnat viktiga detaljer om hans roll i sin fars liv.<\/p>\n<p>Han s\u00e4ger \u00e4ven att han var involverad i produktionen som betald konsult \u2014 tillsammans med sin syster Angelina \u2014 men att han sedan blivit bortklippt ur filmens ber\u00e4ttelse helt och h\u00e5llet, trots att han menar att han var en stor del av sin fars liv.<\/p>\n<p>\u2013 Varje intervju som de d\u00e4r monstren har gjort i nationell TV n\u00e4mner inte ens min existens \u00f6verhuvudtaget, trots att jag var den mest framtr\u00e4dande kraften i min pappas liv \u2013 \u00e4ven n\u00e4r jag inte var i Wisconsin \u2013 eftersom jag \u00e4r hans enda son, sade han i intervjun.<\/p>\n<p>Han riktar kritik mot att hans namn inte n\u00e4mns i marknadsf\u00f6ring eller intervjuer och anser att filmen f\u00f6rst\u00f6r Mike Sardinas arv genom att f\u00f6rsk\u00f6na eller fiktivt \u00e4ndra h\u00e4ndelser.<\/p>\n<p>\u00c4ven hans syster Angelina uttrycker missn\u00f6je och menar att \u00e4ven om k\u00e4rleken mellan Mike och Claire \u00e4r sann, \u00e4r mycket av det som visas i filmen inte hur det verkligen gick till.<\/p>\n<p>Hudson har svarat p\u00e5 kritiken med en f\u00f6rsiktig kommentar i en intervju med <a href=\"https:\/\/www.hollywoodreporter.com\/movies\/movie-features\/kate-hudson-song-sung-blue-1236466811\/\" rel=\"nofollow noopener\" target=\"_blank\">Hollywood Reporter<\/a>:<\/p>\n<p>\u2013 \u00c4rligt talat vet jag inte ens \u2013 av respekt f\u00f6r v\u00e5ra filmskapare \u00e4r jag inte r\u00e4tt person att uttala mig om det, sade Hudson om situationen.<\/p>\n<p>Hon hade d\u00e4remot kontakt med den verkliga Claire:\u00a0<\/p>\n<p>\u2013 Jag \u00e4r s\u00e5 glad att jag fick l\u00e4ra k\u00e4nna Claire, som \u00e4r en s\u00e5 fantastisk kvinna, och hon \u00e4r v\u00e4ldigt n\u00f6jd med filmen.<\/p>\n<p>Att biopics \u00e4ndrar riktiga historier f\u00f6r dramaturgins skull \u00e4r knappast n\u00e5got nytt. Men kanske kan man f\u00f6rst\u00e5 att sonen till filmens huvudperson reagerar p\u00e5 att han sj\u00e4lv inte ens blir n\u00e4mnd.<\/p>\n<p>\u201dToner av k\u00e4rlek\u201d g\u00e5r just nu p\u00e5 svenska biografer. Se trailern nedan:<\/p>\n<p><img loading=\"lazy\" decoding=\"async\" alt=\"YouTube video\" width=\"480\" height=\"360\" data-pin-nopin=\"true\" nopin=\"nopin\" class=\"perfmatters-lazy\" src=\"https:\/\/www.europesays.com\/se\/wp-content\/uploads\/2026\/01\/1767977290_924_hqdefault.jpg\"\/><\/p>\n<p>L\u00e4s ocks\u00e5: <a href=\"https:\/\/www.moviezine.se\/nyheter\/6-starka-filmer-for-alla-smaker-gar-upp-pa-bio-till-jul\" title=\"6 starka filmer f\u00f6r alla smaker g\u00e5r upp p\u00e5 bio till jul!\" class=\"underline-custom !font-montserrat !font-bold !underline-offset-4 !decoration-4 !decoration-moviezine-green !text-md\" rel=\"nofollow noopener\" target=\"_blank\">6 starka filmer f\u00f6r alla smaker g\u00e5r upp p\u00e5 bio till jul!<\/a><\/p>\n<p>L\u00e4s ocks\u00e5: <a href=\"https:\/\/www.moviezine.se\/nyheter\/darfor-tackade-kate-hudson-nej-till-spider-man\" title=\"D\u00e4rf\u00f6r tackade Kate Hudson nej till \u201dSpider-Man\u201d\" class=\"underline-custom !font-montserrat !font-bold !underline-offset-4 !decoration-4 !decoration-moviezine-green !text-md\" rel=\"nofollow noopener\" target=\"_blank\">D\u00e4rf\u00f6r tackade Kate Hudson nej till \u201dSpider-Man\u201d<\/a><\/p>\n","protected":false},"excerpt":{"rendered":"I den nya biopicen \u201dToner av k\u00e4rlek\u201d (originaltitel: \u201dSong Sung Blue\u201d) spelar Hugh Jackman och Kate Hudson Mike&hellip;\n","protected":false},"author":2,"featured_media":130909,"comment_status":"","ping_status":"","sticky":false,"template":"","format":"standard","meta":{"footnotes":""},"categories":[67],"tags":[2113,104,2394,34,31,33,32,30,105],"class_list":{"0":"post-130908","1":"post","2":"type-post","3":"status-publish","4":"format-standard","5":"has-post-thumbnail","7":"category-underhallning","8":"tag-bioaktuellt","9":"tag-entertainment","10":"tag-kandisar","11":"tag-se","12":"tag-svenska","13":"tag-sverige","14":"tag-sweden","15":"tag-swedish","16":"tag-underhallning"},"share_on_mastodon":{"url":"https:\/\/pubeurope.com\/@se\/115866167064311965","error":""},"_links":{"self":[{"href":"https:\/\/www.europesays.com\/se\/wp-json\/wp\/v2\/posts\/130908","targetHints":{"allow":["GET"]}}],"collection":[{"href":"https:\/\/www.europesays.com\/se\/wp-json\/wp\/v2\/posts"}],"about":[{"href":"https:\/\/www.europesays.com\/se\/wp-json\/wp\/v2\/types\/post"}],"author":[{"embeddable":true,"href":"https:\/\/www.europesays.com\/se\/wp-json\/wp\/v2\/users\/2"}],"replies":[{"embeddable":true,"href":"https:\/\/www.europesays.com\/se\/wp-json\/wp\/v2\/comments?post=130908"}],"version-history":[{"count":0,"href":"https:\/\/www.europesays.com\/se\/wp-json\/wp\/v2\/posts\/130908\/revisions"}],"wp:featuredmedia":[{"embeddable":true,"href":"https:\/\/www.europesays.com\/se\/wp-json\/wp\/v2\/media\/130909"}],"wp:attachment":[{"href":"https:\/\/www.europesays.com\/se\/wp-json\/wp\/v2\/media?parent=130908"}],"wp:term":[{"taxonomy":"category","embeddable":true,"href":"https:\/\/www.europesays.com\/se\/wp-json\/wp\/v2\/categories?post=130908"},{"taxonomy":"post_tag","embeddable":true,"href":"https:\/\/www.europesays.com\/se\/wp-json\/wp\/v2\/tags?post=130908"}],"curies":[{"name":"wp","href":"https:\/\/api.w.org\/{rel}","templated":true}]}}