{"id":130912,"date":"2026-01-09T16:53:33","date_gmt":"2026-01-09T16:53:33","guid":{"rendered":"https:\/\/www.europesays.com\/se\/130912\/"},"modified":"2026-01-09T16:53:33","modified_gmt":"2026-01-09T16:53:33","slug":"tvatta-bilen-for-att-undvika-rost-i-vinter","status":"publish","type":"post","link":"https:\/\/www.europesays.com\/se\/130912\/","title":{"rendered":"Tv\u00e4tta bilen f\u00f6r att undvika rost i vinter"},"content":{"rendered":"<p>\u2013 Det absolut viktigaste \u00e4r att tv\u00e4tta bilen, minst en g\u00e5ng i m\u00e5naden, s\u00e4ger George Obeid som driver Flogsta D\u00e4ck &amp; Bilverkstad.\u00a0Saltblandad sn\u00f6 i kombination med v\u00e4rme \u00e4r n\u00e4mligen mumma f\u00f6r rosten.\u00a0\u2013 Rosten kan leda till stora, dyra reparationen. Dessutom \u00e4r rosten d\u00e5lig f\u00f6r milj\u00f6n n\u00e4r rostflagor lossnar och sprids i naturen.Samma sak sa flera personer som UNT:s repo<\/p>\n","protected":false},"excerpt":{"rendered":"\u2013 Det absolut viktigaste \u00e4r att tv\u00e4tta bilen, minst en g\u00e5ng i m\u00e5naden, s\u00e4ger George Obeid som driver&hellip;\n","protected":false},"author":2,"featured_media":130913,"comment_status":"","ping_status":"","sticky":false,"template":"","format":"standard","meta":{"footnotes":""},"categories":[5],"tags":[22,23,26,27,17,21,24,25,28,29,15,16,18,34,31,33,32,30,19,20],"class_list":{"0":"post-130912","1":"post","2":"type-post","3":"status-publish","4":"format-standard","5":"has-post-thumbnail","7":"category-rubriker","8":"tag-breaking-news","9":"tag-breakingnews","10":"tag-featured-news","11":"tag-featurednews","12":"tag-headlines","13":"tag-huvudnyheter","14":"tag-latest-news","15":"tag-latestnews","16":"tag-main-news","17":"tag-mainnews","18":"tag-news","19":"tag-nyheter","20":"tag-rubriker","21":"tag-se","22":"tag-svenska","23":"tag-sverige","24":"tag-sweden","25":"tag-swedish","26":"tag-top-stories","27":"tag-topstories"},"share_on_mastodon":{"url":"https:\/\/pubeurope.com\/@se\/115866186738185868","error":""},"_links":{"self":[{"href":"https:\/\/www.europesays.com\/se\/wp-json\/wp\/v2\/posts\/130912","targetHints":{"allow":["GET"]}}],"collection":[{"href":"https:\/\/www.europesays.com\/se\/wp-json\/wp\/v2\/posts"}],"about":[{"href":"https:\/\/www.europesays.com\/se\/wp-json\/wp\/v2\/types\/post"}],"author":[{"embeddable":true,"href":"https:\/\/www.europesays.com\/se\/wp-json\/wp\/v2\/users\/2"}],"replies":[{"embeddable":true,"href":"https:\/\/www.europesays.com\/se\/wp-json\/wp\/v2\/comments?post=130912"}],"version-history":[{"count":0,"href":"https:\/\/www.europesays.com\/se\/wp-json\/wp\/v2\/posts\/130912\/revisions"}],"wp:featuredmedia":[{"embeddable":true,"href":"https:\/\/www.europesays.com\/se\/wp-json\/wp\/v2\/media\/130913"}],"wp:attachment":[{"href":"https:\/\/www.europesays.com\/se\/wp-json\/wp\/v2\/media?parent=130912"}],"wp:term":[{"taxonomy":"category","embeddable":true,"href":"https:\/\/www.europesays.com\/se\/wp-json\/wp\/v2\/categories?post=130912"},{"taxonomy":"post_tag","embeddable":true,"href":"https:\/\/www.europesays.com\/se\/wp-json\/wp\/v2\/tags?post=130912"}],"curies":[{"name":"wp","href":"https:\/\/api.w.org\/{rel}","templated":true}]}}