{"id":130918,"date":"2026-01-09T17:00:11","date_gmt":"2026-01-09T17:00:11","guid":{"rendered":"https:\/\/www.europesays.com\/se\/130918\/"},"modified":"2026-01-09T17:00:11","modified_gmt":"2026-01-09T17:00:11","slug":"vill-operera-anus-kirurgen-larmar","status":"publish","type":"post","link":"https:\/\/www.europesays.com\/se\/130918\/","title":{"rendered":"Vill operera anus \u2013 kirurgen larmar"},"content":{"rendered":"<p>Publicerad 9 jan 2026 kl 14.07<\/p>\n<p>En ny typ av ingrepp trendar bland unga. Det handlar om att uppn\u00e5 ett idealiskt utseende \u2013 \u00e4ven kring \u00e4ndtarms\u00f6ppningen.<\/p>\n<p><img   alt=\"\"\/><\/p>\n<p>Fler unga kvinnor s\u00f6ker kirurgisk v\u00e5rd f\u00f6r att f\u00e5 ett snyggare anus.<\/p>\n<p>Foto: megaflopp \/ Shutterstock<\/p>\n<p>\u00d6ppna bild i helsk\u00e4rm<img loading=\"lazy\"   alt=\"\"\/><\/p>\n<p>Os\u00e4kerhet och okunskap ligger bakom den nya trenden, menar Karin Brunnstr\u00f6m. \u201dOperera er inte i on\u00f6dan. Du \u00e4r bra som du \u00e4r\u201d, s\u00e4ger hon.<\/p>\n<p>Foto: Jeppe Gustafsson\/Shutterstock \/ TT NYHETSBYR\u00c5N<\/p>\n<p>\u00d6ppna bild i helsk\u00e4rm<\/p>\n<p>Kvinnor mellan 20 och 35 \u00e5r s\u00f6ker allt oftare v\u00e5rd f\u00f6r att de vill operera anus. Och inte av medicinska sk\u00e4l, enligt kirurger i Stockholm och V\u00e4xj\u00f6 som <a href=\"https:\/\/www.sverigesradio.se\/artikel\/allt-fler-unga-kvinnor-vill-operera-anus\" rel=\"nofollow noopener\" target=\"_blank\">P4 Kronoberg<\/a> pratat med.<\/p>\n<p>\u2013 Det h\u00e4r handlar om sk\u00f6nhet, eller vad man ska kalla det. Det f\u00e5r inte finnas n\u00e5gra skavanker, inget avvikande. De sk\u00e4ms f\u00f6r det och tycker att det \u00e4r pinsamt, f\u00f6r de vet inte hur folk ser ut, s\u00e4ger Karin Brunnstr\u00f6m som \u00e4r kirurg i <a href=\"https:\/\/www.expressen.se\/tagg\/location\/vaxjo\/\" class=\"\" rel=\"nofollow noopener\" target=\"_blank\">V\u00e4xj\u00f6<\/a> till P4.<\/p>\n<p>De flesta s\u00f6ker v\u00e5rd efter att de f\u00e5tt en eller flera hudflikar fr\u00e5n hemorrojder. Ofta \u00e4r de knappt synliga, menar Karin Brunnstr\u00f6m. Till skillnad fr\u00e5n vad m\u00e5nga tror, kan operationerna vara besv\u00e4rliga en tid efter.<\/p>\n<p>\u2013 Man f\u00e5r ett s\u00e5r i baken som ska l\u00e4ka fr\u00e5n botten och fr\u00e5n sidorna. Det bl\u00f6der, v\u00e4tskar sig och g\u00f6r ont och det tar n\u00e5gra veckor innan det har l\u00e4kt, s\u00e4ger hon.<\/p>\n<p>\u2013 Jag tycker inte att man ska uts\u00e4tta sig f\u00f6r n\u00e5got som inte beh\u00f6vs. Man ska aldrig sk\u00e4ra i on\u00f6dan.<\/p>\n<p>Hon har sett en del bakdelar i sitt arbete och menar att det bara finns en tid i livet d\u00e5 m\u00e4nniskan har ett \u201dperfekt\u201d anus.<\/p>\n<p>\u2013 N\u00e4r man \u00e4r nyf\u00f6dd, s\u00e4ger hon och skrattar.<\/p>\n","protected":false},"excerpt":{"rendered":"Publicerad 9 jan 2026 kl 14.07 En ny typ av ingrepp trendar bland unga. Det handlar om att&hellip;\n","protected":false},"author":2,"featured_media":130919,"comment_status":"","ping_status":"","sticky":false,"template":"","format":"standard","meta":{"footnotes":""},"categories":[12],"tags":[22,23,26,27,17,21,24,25,135,2915,28,29,15,16,18,34,31,33,32,30,19,688,4477,20],"class_list":{"0":"post-130918","1":"post","2":"type-post","3":"status-publish","4":"format-standard","5":"has-post-thumbnail","7":"category-sverige","8":"tag-breaking-news","9":"tag-breakingnews","10":"tag-featured-news","11":"tag-featurednews","12":"tag-headlines","13":"tag-huvudnyheter","14":"tag-latest-news","15":"tag-latestnews","16":"tag-location-stockholm","17":"tag-location-vaxjo","18":"tag-main-news","19":"tag-mainnews","20":"tag-news","21":"tag-nyheter","22":"tag-rubriker","23":"tag-se","24":"tag-svenska","25":"tag-sverige","26":"tag-sweden","27":"tag-swedish","28":"tag-top-stories","29":"tag-topic-halsa-sjukvard","30":"tag-topic-skonhetsingrepp","31":"tag-topstories"},"share_on_mastodon":{"url":"https:\/\/pubeurope.com\/@se\/115866214289420581","error":""},"_links":{"self":[{"href":"https:\/\/www.europesays.com\/se\/wp-json\/wp\/v2\/posts\/130918","targetHints":{"allow":["GET"]}}],"collection":[{"href":"https:\/\/www.europesays.com\/se\/wp-json\/wp\/v2\/posts"}],"about":[{"href":"https:\/\/www.europesays.com\/se\/wp-json\/wp\/v2\/types\/post"}],"author":[{"embeddable":true,"href":"https:\/\/www.europesays.com\/se\/wp-json\/wp\/v2\/users\/2"}],"replies":[{"embeddable":true,"href":"https:\/\/www.europesays.com\/se\/wp-json\/wp\/v2\/comments?post=130918"}],"version-history":[{"count":0,"href":"https:\/\/www.europesays.com\/se\/wp-json\/wp\/v2\/posts\/130918\/revisions"}],"wp:featuredmedia":[{"embeddable":true,"href":"https:\/\/www.europesays.com\/se\/wp-json\/wp\/v2\/media\/130919"}],"wp:attachment":[{"href":"https:\/\/www.europesays.com\/se\/wp-json\/wp\/v2\/media?parent=130918"}],"wp:term":[{"taxonomy":"category","embeddable":true,"href":"https:\/\/www.europesays.com\/se\/wp-json\/wp\/v2\/categories?post=130918"},{"taxonomy":"post_tag","embeddable":true,"href":"https:\/\/www.europesays.com\/se\/wp-json\/wp\/v2\/tags?post=130918"}],"curies":[{"name":"wp","href":"https:\/\/api.w.org\/{rel}","templated":true}]}}