{"id":130931,"date":"2026-01-09T17:25:09","date_gmt":"2026-01-09T17:25:09","guid":{"rendered":"https:\/\/www.europesays.com\/se\/130931\/"},"modified":"2026-01-09T17:25:09","modified_gmt":"2026-01-09T17:25:09","slug":"tidigare-handbollsspelaren-viktor-rhodin-ar-dod-blev-31-ar","status":"publish","type":"post","link":"https:\/\/www.europesays.com\/se\/130931\/","title":{"rendered":"Tidigare handbollsspelaren Viktor Rhodin \u00e4r d\u00f6d \u2013 blev 31 \u00e5r"},"content":{"rendered":"<p><a data-test-tag=\"internal-link\" href=\"https:\/\/www.aftonbladet.se\/av\/astrid-johansson\" class=\"hyperion-css-13ns1rr\" rel=\"nofollow noopener\" target=\"\" aria-label=\"Se alla artiklar av Astrid Johansson\"><img decoding=\"async\" class=\"image-asset hyperion-css-n6kkq1\" data-test-tag=\"image-asset\" src=\"https:\/\/www.europesays.com\/se\/wp-content\/uploads\/2026\/01\/1767979509_800_da9f1d35-6501-4c7a-a967-1be94e456c45.jpeg\"  alt=\"\"  loading=\"lazy\" fetchpriority=\"auto\" style=\"aspect-ratio:1900 \/ 1900\"\/><\/a><\/p>\n<p class=\"boxtextgrotesk-root_baa6 hyperion-css-1w346fg\">Uppdaterad 18.14 | Publicerad 17.41<\/p>\n<p>share-arrowDela<\/p>\n<p>unsaveSpara<\/p>\n<p>Lyssna p\u00e5 artikelnLyssna p\u00e5&#8230;<\/p>\n<p>expand-left<\/p>\n<p>helsk\u00e4rm<img decoding=\"async\" class=\"image-asset hyperion-css-u06ts1\" data-test-tag=\"image-asset\" src=\"https:\/\/www.europesays.com\/se\/wp-content\/uploads\/2026\/01\/41d85465-046f-4eba-9b53-611da04485cf.jpeg\"  alt=\"Viktor Rhodin.\"  loading=\"eager\" fetchpriority=\"high\" style=\"aspect-ratio:1900 \/ 1267\"\/>Viktor Rhodin. Foto: Nicklas Elmrin \/ Bildbyr\u00e5n<\/p>\n<p class=\"hyperion-css-1shl3oz\" data-test-tag=\"lead-text\">Den tidigare handbollsspelaren Viktor Rhodin \u00e4r d\u00f6d. <\/p>\n<p class=\"hyperion-css-1shl3oz\" data-test-tag=\"lead-text\">Han var sjuk i cancer och blev 31 \u00e5r gammal. <\/p>\n<p class=\"hyperion-css-1shl3oz\" data-test-tag=\"lead-text\">\u2013  Jag tror att hela handbollssverige s\u00f6rjer, s\u00e4ger Jerry Hallb\u00e4ck.<\/p>\n<p class=\"hyperion-css-1v9qo5x\">Viktor Rhodin drabbades av en elakartad hj\u00e4rntum\u00f6r v\u00e5ren 2020. Samma sommar genomf\u00f6rdes en lyckad operation f\u00f6r att f\u00e5 bort tum\u00f6ren, men i och med att den var elakartad fanns en del av cancern kvar, ber\u00e4ttade Rhodin f\u00f6r <a data-test-tag=\"internal-link\" href=\"https:\/\/www.aftonbladet.se\/sportbladet\/a\/b5yA4e\/det-har-ska-jag-ta-mig-forbi-bara\" class=\"hyperion-css-15jkft9\" rel=\"nofollow noopener\" target=\"\" aria-label=\"Sportbladet\" theme=\"sportbladet\">Sportbladet<\/a> samma \u00e5r.<\/p>\n<p class=\"hyperion-css-1v9qo5x\">V\u00e5ren 2024 fick den tidigare S\u00e4vehofspelaren beskedet att cancern var tillbaka. Och att den inte skulle g\u00e5 att operera. I somras spred den sig snabbt.<\/p>\n<p class=\"hyperion-css-1v9qo5x\">\u201dV\u00e4rldens finaste m\u00e4nniska och pappa har l\u00e4mnat oss, men hans n\u00e4rvaro kommer alltid att leva kvar i v\u00e5ra hj\u00e4rtan. Viktor s\u00e5g m\u00e4nniskor, lyssnade med v\u00e4rme och gav utan att kr\u00e4va n\u00e5got tillbaka\u201d, skriver Viktor Rhodins sambo Mikaela till <a aria-label=\"GP\" class=\"sportbladet hyperion-css-15jkft9\" href=\"https:\/\/www.gp.se\/sport\/handboll\/handbollsspelaren-viktor-rhodin-ar-dod.7ebefc6f-b86e-4098-9a60-17cdcf13f64e\" rel=\"noopener nofollow noreferrer\" data-test-tag=\"external-link\" target=\"_blank\">GP<\/a>.<\/p>\n<p>Gjorde comeback efter operationen<\/p>\n<p class=\"hyperion-css-1v9qo5x\">\u00c5ret efter cancerbeskedet gjorde Rhodin <a data-test-tag=\"internal-link\" href=\"https:\/\/www.aftonbladet.se\/sportbladet\/a\/eE5OER\/handbollsprofilen-viktor-rhodin-spelar-igen-efter-hjarntumoren\" class=\"hyperion-css-15jkft9\" rel=\"nofollow noopener\" target=\"\" aria-label=\"comeback i elitserien\" theme=\"sportbladet\">comeback i elitserien<\/a>. F\u00f6rst var tanken att han skulle spela med hj\u00e4lm, men den dispensen <a data-test-tag=\"internal-link\" href=\"https:\/\/www.aftonbladet.se\/sportbladet\/a\/7KqAl3\/rhodin-tillats-inte-gora-comeback-efter-cancern--dispensen-indragen\" class=\"hyperion-css-15jkft9\" rel=\"nofollow noopener\" target=\"\" aria-label=\"drogs in i sista sekund\" theme=\"sportbladet\">drogs in i sista sekund<\/a>. H\u00f6sten 2021 fick han till slut spela handboll med \u00d6nnereds HK igen, d\u00e5 utan hj\u00e4lm. <\/p>\n<p class=\"hyperion-css-1v9qo5x\">S\u00e4songen 2022\/23 flyttade Rhodin till Aran\u00e4s. Det blev hans sista klubb.<\/p>\n<p class=\"hyperion-css-1v9qo5x\">\u2013 Det \u00e4r inte m\u00e5nga som har varit s\u00e5 omh\u00e4ndertagande och brytt sig s\u00e5 mycket, varit s\u00e5 lojal mot laget och alltid st\u00e4llt upp. Han m\u00e5ste ha varit tr\u00e4narna och ledarnas favorit, och spelarnas b\u00e4ste lagkamrat. Han gav alltid allt f\u00f6r alla i laget, s\u00e4ger Stefan Albrechtson, klubbdirekt\u00f6r i S\u00e4vehof.<\/p>\n<p>\u201dAllt f\u00f6r unga \u00e5r\u201d<\/p>\n<p class=\"hyperion-css-1v9qo5x\">Handbollstr\u00e4naren Jerry Hallb\u00e4ck jobbade med Rhodin i Aran\u00e4s.<\/p>\n<p class=\"hyperion-css-1v9qo5x\">\u2013 Det \u00e4r hemskt att en s\u00e5n ung och fantastiskt varm person, med s\u00e5 fantastiska egenskaper, v\u00e4rldens sn\u00e4llaste g\u00e5r bort i allt f\u00f6r unga \u00e5r. Jag tror hela handbollssverige s\u00f6rjer en fin lagkamrat, med- och motspelare. Han var en person som var h\u00f6gt aktad i handbollssverige, s\u00e4ger Hallb\u00e4ck till Sportbladet.<\/p>\n","protected":false},"excerpt":{"rendered":"Uppdaterad 18.14 | Publicerad 17.41 share-arrowDela unsaveSpara Lyssna p\u00e5 artikelnLyssna p\u00e5&#8230; expand-left helsk\u00e4rmViktor Rhodin. Foto: Nicklas Elmrin \/&hellip;\n","protected":false},"author":2,"featured_media":130932,"comment_status":"","ping_status":"","sticky":false,"template":"","format":"standard","meta":{"footnotes":""},"categories":[5],"tags":[22,23,26,27,17,21,24,25,28,29,15,16,18,34,31,33,32,30,19,20],"class_list":{"0":"post-130931","1":"post","2":"type-post","3":"status-publish","4":"format-standard","5":"has-post-thumbnail","7":"category-rubriker","8":"tag-breaking-news","9":"tag-breakingnews","10":"tag-featured-news","11":"tag-featurednews","12":"tag-headlines","13":"tag-huvudnyheter","14":"tag-latest-news","15":"tag-latestnews","16":"tag-main-news","17":"tag-mainnews","18":"tag-news","19":"tag-nyheter","20":"tag-rubriker","21":"tag-se","22":"tag-svenska","23":"tag-sverige","24":"tag-sweden","25":"tag-swedish","26":"tag-top-stories","27":"tag-topstories"},"share_on_mastodon":{"url":"https:\/\/pubeurope.com\/@se\/115866312559834156","error":""},"_links":{"self":[{"href":"https:\/\/www.europesays.com\/se\/wp-json\/wp\/v2\/posts\/130931","targetHints":{"allow":["GET"]}}],"collection":[{"href":"https:\/\/www.europesays.com\/se\/wp-json\/wp\/v2\/posts"}],"about":[{"href":"https:\/\/www.europesays.com\/se\/wp-json\/wp\/v2\/types\/post"}],"author":[{"embeddable":true,"href":"https:\/\/www.europesays.com\/se\/wp-json\/wp\/v2\/users\/2"}],"replies":[{"embeddable":true,"href":"https:\/\/www.europesays.com\/se\/wp-json\/wp\/v2\/comments?post=130931"}],"version-history":[{"count":0,"href":"https:\/\/www.europesays.com\/se\/wp-json\/wp\/v2\/posts\/130931\/revisions"}],"wp:featuredmedia":[{"embeddable":true,"href":"https:\/\/www.europesays.com\/se\/wp-json\/wp\/v2\/media\/130932"}],"wp:attachment":[{"href":"https:\/\/www.europesays.com\/se\/wp-json\/wp\/v2\/media?parent=130931"}],"wp:term":[{"taxonomy":"category","embeddable":true,"href":"https:\/\/www.europesays.com\/se\/wp-json\/wp\/v2\/categories?post=130931"},{"taxonomy":"post_tag","embeddable":true,"href":"https:\/\/www.europesays.com\/se\/wp-json\/wp\/v2\/tags?post=130931"}],"curies":[{"name":"wp","href":"https:\/\/api.w.org\/{rel}","templated":true}]}}