{"id":130939,"date":"2026-01-09T17:33:23","date_gmt":"2026-01-09T17:33:23","guid":{"rendered":"https:\/\/www.europesays.com\/se\/130939\/"},"modified":"2026-01-09T17:33:23","modified_gmt":"2026-01-09T17:33:23","slug":"facket-tecknar-avtal-med-strippklubb-darfor-andrade-de-sig-arbetet","status":"publish","type":"post","link":"https:\/\/www.europesays.com\/se\/130939\/","title":{"rendered":"Facket tecknar avtal med strippklubb \u2013 d\u00e4rf\u00f6r \u00e4ndrade de sig \u2013 Arbetet"},"content":{"rendered":"<p>\t\t\t\t\t\t\t\t\t\tArtikeln i korthet<\/p>\n<ul>\n<li>Strippklubben Chat Noir har l\u00e4nge f\u00f6rs\u00f6kt f\u00e5 kollektivavtal f\u00f6r att kunna ha natt\u00f6ppet. Under 2023 fick klubben betala drygt en miljon kronor f\u00f6r otill\u00e5tet nattarbete.<\/li>\n<li>Facket HRF har tidigare sagt nej till att teckna kollektivavtal eftersom de ansett att verksamheten inte tillh\u00f6r deras omr\u00e5de. Men nyligen kontaktades facket av anst\u00e4llda p\u00e5 klubben som ville ha avtal, vilket ledde till att de \u00e4ndrade sig. Facket g\u00e5r nu med p\u00e5 att teckna avtal med strippklubben.<\/li>\n<li>Med ett kollektivavtal hoppas facket nu p\u00e5 b\u00e4ttre insyn och m\u00f6jlighet att p\u00e5verka klubbens arbetsvillkor.<\/li>\n<\/ul>\n<p class=\"FactBox-disclaimer\">Denna sammanfattning har gjorts med st\u00f6d av AI och \u00e4r kvalitetss\u00e4krad av en redaktionell medarbetare. <a href=\"https:\/\/arbetet.se\/ai-policy-lo-mediehus\/\" rel=\"nofollow noopener\" target=\"_blank\">L\u00e4s v\u00e5r AI-policy.<\/a><\/p>\n<p>\t\t\t\t\tL\u00e4s mer\n\t\t\t<\/p>\n<p>Strippklubben har f\u00f6rs\u00f6kt f\u00e5 till kollektivavtal l\u00e4nge.\u00a0<\/p>\n<p>Klubben vill kunna ha \u00f6ppet sena n\u00e4tter, men eftersom lagen inte till\u00e5ter nattarbete om det inte finns ett undantag enligt kollektivavtal s\u00e5 har det skapat l\u00e5ngdragna konflikter med myndigheterna.<\/p>\n<p>Senast 2023 <a href=\"https:\/\/arbetet.se\/2023\/02\/23\/strippklubb-och-porrklubb-straffas-for-nattarbete\/\" data-type=\"link\" data-id=\"https:\/\/arbetet.se\/2023\/02\/23\/strippklubb-och-porrklubb-straffas-for-nattarbete\/\" rel=\"nofollow noopener\" target=\"_blank\">rapporterade Arbetet <\/a>att klubben tvingats betala \u00f6ver en miljon kronor i sanktionsavgift f\u00f6r otill\u00e5tet nattarbete.\u00a0<\/p>\n<p>Och redan 2019 hade Chat Noir samtal med facket, men d\u00e5 sa ledningen p\u00e5 Hotell- och Restaurangfacket (HRF) nej.\u00a0<\/p>\n<p>Enligt facket tillh\u00f6rde strippklubbens verksamhet inte deras omr\u00e5de.<\/p>\n<p>Facket backar \u2013 efter samtal fr\u00e5n medlemmar<\/p>\n<p>Men nu g\u00f6r de en helt annan bed\u00f6mning.<\/p>\n<p>\u2013 I h\u00f6stas fick vi p\u00e5ringningar av medlemmar p\u00e5 arbetsplatsen som vill ha avtal, s\u00e4ger fackets avtalssekreterare Peggy Nyholm.<\/p>\n<p>D\u00e5 startade facket en utredning f\u00f6r att ta reda p\u00e5 vad det \u00e4r f\u00f6r typ av jobb som utf\u00f6rs p\u00e5 klubben, och om det \u00e4r inom HRF:s omr\u00e5de.<\/p>\n<p>\u2013 Vi bes\u00f6kte arbetsplatsen och kunde konstatera att de har garderobi\u00e4rer, s\u00e5na som tar entr\u00e9avgift, st\u00e5r i baren och personer som serverar. Alla de arbetsuppgifterna \u00e4r s\u00e5na som vi organiserar folk inom.<\/p>\n<p>Efter utredningen har facket kommit fram till att strippklubbens medlemmar ska f\u00e5 teckna kollektivavtal, trots allt.<\/p>\n<p>\u2013 Vi jobbar enligt den svenska modellen och d\u00e5 beh\u00f6ver vi ta v\u00e5rt ansvar. En bartender \u00e4r en bartender, och det \u00e4r v\u00e5r yrkesgrupp att organisera.<\/p>\n<p>\u201dKlart att det v\u00e4cker k\u00e4nslor\u201d<\/p>\n<p>Men varf\u00f6r facket gjort en annan bed\u00f6mning tidigare kan Peggy Nyholm inte svara p\u00e5.\u00a0<\/p>\n<p>\u2013\u00a0Jag jobbade inte som avtalssekreterare h\u00e4r senast det var aktuellt. D\u00e5 kom man fram till att det inte var v\u00e5rt verksamhetsomr\u00e5de, men jag vet inte p\u00e5 vilka grunder det fattades, s\u00e4ger hon och forts\u00e4tter:\u00a0<\/p>\n<p>\u2013 Det \u00e4r klart att det v\u00e4cker k\u00e4nslor med verksamhetens karakt\u00e4r. Men branschen i sig \u00e4r inte olaglig p\u00e5 n\u00e5got s\u00e4tt. Ifall det skulle ske saker som inte \u00e4r lagliga enligt civilr\u00e4tten s\u00e5 \u00e4r det polisens sak att hantera.<\/p>\n<p>Genom att facket nu tecknar avtal f\u00f6r anst\u00e4llda p\u00e5 klubben kan de f\u00e5 b\u00e4ttre insyn i det som h\u00e4nder d\u00e4r, s\u00e4ger Peggy Nyholm.<\/p>\n<p>\u2013 Har vi kollektivavtal s\u00e5 har vi ocks\u00e5 st\u00f6rre m\u00f6jlighet att vara med och p\u00e5verka saker.<\/p>\n","protected":false},"excerpt":{"rendered":"Artikeln i korthet Strippklubben Chat Noir har l\u00e4nge f\u00f6rs\u00f6kt f\u00e5 kollektivavtal f\u00f6r att kunna ha natt\u00f6ppet. Under 2023&hellip;\n","protected":false},"author":2,"featured_media":130940,"comment_status":"","ping_status":"","sticky":false,"template":"","format":"standard","meta":{"footnotes":""},"categories":[5],"tags":[22,23,26,27,17,21,24,25,28,29,15,16,18,34,31,33,32,30,19,20],"class_list":{"0":"post-130939","1":"post","2":"type-post","3":"status-publish","4":"format-standard","5":"has-post-thumbnail","7":"category-rubriker","8":"tag-breaking-news","9":"tag-breakingnews","10":"tag-featured-news","11":"tag-featurednews","12":"tag-headlines","13":"tag-huvudnyheter","14":"tag-latest-news","15":"tag-latestnews","16":"tag-main-news","17":"tag-mainnews","18":"tag-news","19":"tag-nyheter","20":"tag-rubriker","21":"tag-se","22":"tag-svenska","23":"tag-sverige","24":"tag-sweden","25":"tag-swedish","26":"tag-top-stories","27":"tag-topstories"},"share_on_mastodon":{"url":"https:\/\/pubeurope.com\/@se\/115866344005059407","error":""},"_links":{"self":[{"href":"https:\/\/www.europesays.com\/se\/wp-json\/wp\/v2\/posts\/130939","targetHints":{"allow":["GET"]}}],"collection":[{"href":"https:\/\/www.europesays.com\/se\/wp-json\/wp\/v2\/posts"}],"about":[{"href":"https:\/\/www.europesays.com\/se\/wp-json\/wp\/v2\/types\/post"}],"author":[{"embeddable":true,"href":"https:\/\/www.europesays.com\/se\/wp-json\/wp\/v2\/users\/2"}],"replies":[{"embeddable":true,"href":"https:\/\/www.europesays.com\/se\/wp-json\/wp\/v2\/comments?post=130939"}],"version-history":[{"count":0,"href":"https:\/\/www.europesays.com\/se\/wp-json\/wp\/v2\/posts\/130939\/revisions"}],"wp:featuredmedia":[{"embeddable":true,"href":"https:\/\/www.europesays.com\/se\/wp-json\/wp\/v2\/media\/130940"}],"wp:attachment":[{"href":"https:\/\/www.europesays.com\/se\/wp-json\/wp\/v2\/media?parent=130939"}],"wp:term":[{"taxonomy":"category","embeddable":true,"href":"https:\/\/www.europesays.com\/se\/wp-json\/wp\/v2\/categories?post=130939"},{"taxonomy":"post_tag","embeddable":true,"href":"https:\/\/www.europesays.com\/se\/wp-json\/wp\/v2\/tags?post=130939"}],"curies":[{"name":"wp","href":"https:\/\/api.w.org\/{rel}","templated":true}]}}