{"id":130947,"date":"2026-01-09T17:39:09","date_gmt":"2026-01-09T17:39:09","guid":{"rendered":"https:\/\/www.europesays.com\/se\/130947\/"},"modified":"2026-01-09T17:39:09","modified_gmt":"2026-01-09T17:39:09","slug":"eu-lander-godkande-frihandelsavtalet-mercosur-efter-25-ar-av-forhandlingar-det-har-betyder-det-utrikes","status":"publish","type":"post","link":"https:\/\/www.europesays.com\/se\/130947\/","title":{"rendered":"EU-l\u00e4nder godk\u00e4nde frihandels\u00adavtalet Mercosur efter 25 \u00e5r av f\u00f6rhandlingar \u2013 det h\u00e4r betyder det | Utrikes"},"content":{"rendered":"<ul class=\"aw-1jjocuh iJTSwP yle__article__list yle__article__list--ul\">\n<li class=\"aw-1j7gwms gNYKfi\">EU har efter 25 \u00e5rs f\u00f6rhandlingar godk\u00e4nt ett handelsavtal med de sydamerikanska Mercosurl\u00e4nderna.<\/li>\n<li class=\"aw-1j7gwms gNYKfi\">Avtalet v\u00e4cker starka protester bland EU:s b\u00f6nder, som fruktar konkurrens fr\u00e5n billigare jordbruksprodukter.<\/li>\n<li class=\"aw-1j7gwms gNYKfi\">F\u00f6respr\u00e5karna anser att avtalet \u00e4r viktigt f\u00f6r att \u00f6ppna nya marknader och gynna europeisk industri.<\/li>\n<\/ul>\n<p class=\"aw-1gybjub aw-1p7kakr kEtdKx cEmitX yle__article__paragraph\">Efter 25 \u00e5r av f\u00f6rhandlingar gav EU p\u00e5 fredagen gr\u00f6nt ljus f\u00f6r handelsavtalet med de s\u00e5 kallade Mercosurl\u00e4nderna, allts\u00e5 Argentina, Brasilien, Paraguay och Uruguay.<\/p>\n<p class=\"aw-1gybjub aw-1p7kakr kEtdKx cEmitX yle__article__paragraph\">Det rapporterar nyhetsbyr\u00e5er som citerar EU-diplomater.<\/p>\n<p class=\"aw-1gybjub aw-1p7kakr kEtdKx cEmitX yle__article__paragraph\">En tillr\u00e4cklig majoritet av EU-l\u00e4nderna st\u00f6dde avtalet, vilket banar v\u00e4g f\u00f6r att det kan undertecknas i Paraguay n\u00e4sta vecka.<\/p>\n<p class=\"aw-1gybjub aw-1p7kakr kEtdKx cEmitX yle__article__paragraph\">EU-kommissionens ordf\u00f6rande <strong class=\"aw-ak79eh KyCXm yle__article__strong\">Ursula von der Leyen<\/strong> v\u00e4ntas resa till Paraguay f\u00f6r att formellt underteckna avtalet tillsammans med f\u00f6retr\u00e4dare f\u00f6r Mercosurl\u00e4nderna.<\/p>\n<p>Italien gav avg\u00f6rande st\u00f6d till avtalet<\/p>\n<p class=\"aw-1gybjub aw-1p7kakr kEtdKx cEmitX yle__article__paragraph\">Avtalet hyllas av n\u00e4ringslivet, men m\u00e5nga l\u00e4nder med stora jordbrukssektorer har motsatt sig det och jordbrukare runt om i EU har protesterat h\u00e4ftigt mot det. Uppr\u00f6rda b\u00f6nder har blockerat v\u00e4gar med traktorer fr\u00e5n Bryssel till Aten.<\/p>\n<p class=\"aw-1gybjub aw-1p7kakr kEtdKx cEmitX yle__article__paragraph\">Italien, som i fjol lyckades f\u00f6rhala avtalet, gav p\u00e5 fredagen det avg\u00f6rande st\u00f6det till det.<\/p>\n<p class=\"aw-1gybjub aw-1p7kakr kEtdKx cEmitX yle__article__paragraph\">Italiens premi\u00e4rminister <strong class=\"aw-ak79eh KyCXm yle__article__strong\">Giorgia Meloni<\/strong> sa p\u00e5 en presskonferens att hon aldrig har haft \u201dn\u00e5gra ideologiska inv\u00e4ndningar\u201d mot Mercosuravtalet.<\/p>\n<p class=\"aw-1gybjub aw-1p7kakr kEtdKx cEmitX yle__article__paragraph\">\u2013 Vi har alltid sagt att vi kommer att st\u00f6dja det n\u00e4r det finns tillr\u00e4ckliga garantier f\u00f6r v\u00e5ra b\u00f6nder, sa hon.<\/p>\n<p><img decoding=\"async\" alt=\"Italiens premi\u00e4rminister Giorgia Meloni.\" src=\"https:\/\/www.europesays.com\/se\/wp-content\/uploads\/2026\/01\/39-15793896961183e5adb0.jpeg\" loading=\"lazy\" class=\"aw-1l9m598 hKVVvP\"\/><\/p>\n<p>\u00d6ppna bildvisare<\/p>\n<p>Italiens premi\u00e4rminister Giorgia Meloni har velat ha tillr\u00e4ckliga garantier f\u00f6r de italienska b\u00f6nderna.  Bild: Fabrizio Corradetti\/Shutterstock\/All Over Press<\/p>\n<p class=\"aw-1gybjub aw-1p7kakr kEtdKx cEmitX yle__article__paragraph\">Frankrike har lett ett f\u00f6rs\u00f6k att stoppa avtalet, men utan framg\u00e5ng. Irland, Polen, \u00d6sterrike och Ungern r\u00f6stade ocks\u00e5 p\u00e5 fredagen emot, medan Belgien lade ner sin r\u00f6st.<\/p>\n<p>R\u00e4dsla f\u00f6r att sydamerikanska produkter tr\u00e4nger ut inhemska<\/p>\n<p class=\"aw-1gybjub aw-1p7kakr kEtdKx cEmitX yle__article__paragraph\">Motst\u00e5ndarna \u00e4r r\u00e4dda f\u00f6r att importerade billiga jordbruksprodukter fr\u00e5n Sydamerika, som k\u00f6tt, socker, ris och honung, ska tr\u00e4nga undan den inhemska produktionen.<\/p>\n<p class=\"aw-1gybjub aw-1p7kakr kEtdKx cEmitX yle__article__paragraph\">I Sydamerika \u00e4r produktionskostnaderna ofta l\u00e4gre och reglerna kring milj\u00f6, v\u00e4xtskyddsmedel och djurh\u00e5llning skiljer sig fr\u00e5n EU:s.<\/p>\n<p><img decoding=\"async\" alt=\"Kor i Brasilien och gauchos p\u00e5 h\u00e4star.\" src=\"https:\/\/www.europesays.com\/se\/wp-content\/uploads\/2026\/01\/39-157939569611b5433e49.jpeg\" loading=\"lazy\" class=\"aw-1l9m598 hKVVvP\"\/><\/p>\n<p>\u00d6ppna bildvisare<\/p>\n<p>Brasilien har en enorm k\u00f6ttproduktion.  Bild: ullstein bild\/ All Over Press<\/p>\n<p class=\"aw-1gybjub aw-1p7kakr kEtdKx cEmitX yle__article__paragraph\">Risken att till exempel billigt k\u00f6tt fr\u00e5n Brasilien ska tr\u00e4nga undan inhemskt k\u00f6tt existerar, s\u00e4ger <strong class=\"aw-ak79eh KyCXm yle__article__strong\">Max Schulman<\/strong>, spannm\u00e5lsombudsman vid Centralf\u00f6rbundet f\u00f6r lant- och skogsbruksproducenter MTK.<\/p>\n<p class=\"aw-1gybjub aw-1p7kakr kEtdKx cEmitX yle__article__paragraph\">\u2013 Om vi tar Brasilien som ett exempel, de har en enorm produktion och de \u00e4r mycket aktivt ute p\u00e5 v\u00e4rldsmarknaden med k\u00f6tt. De har en m\u00f6jlighet att f\u00e5 billigt foder. D\u00e4r finns gr\u00e4s \u00e5ret om, 365 dagar av \u00e5ret.<\/p>\n<p class=\"aw-1gybjub aw-1p7kakr kEtdKx cEmitX yle__article__paragraph\">\u2013 Det \u00e4r ju det h\u00e4r man \u00e4r r\u00e4dd f\u00f6r, att de har en s\u00e5dan enorm kapacitet att producera. De kan ocks\u00e5 g\u00f6ra det mycket billigare, de har en helt annan kostnadsstruktur.<\/p>\n<p class=\"aw-1gybjub aw-1p7kakr kEtdKx cEmitX yle__article__paragraph\">\u2013 T\u00e4nk nu bara h\u00e4r i Finland till exempel \u2013 nu v\u00e4xer det lite d\u00e5ligt med gr\u00e4s d\u00e4r ute, s\u00e4ger Schulman.<\/p>\n<p><img decoding=\"async\" alt=\"Max Schulman, spannm\u00e5lsombudsman vid MTK.\" src=\"https:\/\/www.europesays.com\/se\/wp-content\/uploads\/2026\/01\/39-1579378696116e15e456.jpeg\" loading=\"lazy\" class=\"aw-1l9m598 hKVVvP\"\/><\/p>\n<p>\u00d6ppna bildvisare<\/p>\n<p>Max Schulman vid MTK s\u00e4ger att det finns en risk f\u00f6r att billigt sydamerikanskt k\u00f6tt ska tr\u00e4nga undan inhemskt. Bild: Benjamin Ilmoni 2015<\/p>\n<p class=\"aw-1gybjub aw-1p7kakr kEtdKx cEmitX yle__article__paragraph\">Brasilien \u00e4r v\u00e4rldens st\u00f6rsta producent av n\u00f6tk\u00f6tt. Landet har n\u00e4stan 240 miljoner n\u00f6tkreatur. I fjol uppn\u00e5ddes dessutom rekordniv\u00e5er f\u00f6r n\u00f6tk\u00f6ttsexporten, 3,5 miljoner ton.<\/p>\n<p class=\"aw-1gybjub aw-1p7kakr kEtdKx cEmitX yle__article__paragraph\">Ocks\u00e5 i sockerproduktion toppar Brasilien listorna. Landet \u00e4r v\u00e4rldens st\u00f6rsta producent av r\u00f6rsocker och st\u00e5r f\u00f6r ungef\u00e4r 37 procent av v\u00e4rldens sockerr\u00f6rsproduktion.<\/p>\n<p class=\"aw-1gybjub aw-1p7kakr kEtdKx cEmitX yle__article__paragraph\">Enligt Max Schulman \u00e4r ocks\u00e5 europeiska sockerproducenter r\u00e4dda f\u00f6r vad som ska h\u00e4nda med dem n\u00e4r Mercosuravtalet tr\u00e4der i kraft.<\/p>\n<p><img decoding=\"async\" alt=\"En kvinna som sk\u00f6rdar sockerr\u00f6r i Brasilien.\" src=\"https:\/\/www.europesays.com\/se\/wp-content\/uploads\/2026\/01\/39-157939669611c529bf04.jpeg\" loading=\"lazy\" class=\"aw-1l9m598 hKVVvP\"\/><\/p>\n<p>\u00d6ppna bildvisare<\/p>\n<p>Brasilien \u00e4r v\u00e4rldens st\u00f6rsta producent av r\u00f6rsocker.  Bild: EPASkapar v\u00e4rldens st\u00f6rsta frihandelszon<\/p>\n<p class=\"aw-1gybjub aw-1p7kakr kEtdKx cEmitX yle__article__paragraph\">Avtalet ses \u00e4nd\u00e5 som viktigt av en majoritet av EU-l\u00e4nderna i en tid av \u00f6kande globala handelssp\u00e4nningar.<\/p>\n<p class=\"aw-1gybjub aw-1p7kakr kEtdKx cEmitX yle__article__paragraph\">Enligt l\u00e4nder som Tyskland och Spanien \u00e4r avtalet en viktig del i EU:s satsning att \u00f6ppna nya marknader f\u00f6r att kompensera f\u00f6r f\u00f6rlorade aff\u00e4rer p\u00e5 grund av amerikanska tullar och f\u00f6r att minska beroendet av Kina genom att s\u00e4kra tillg\u00e5ngen till viktiga mineraler.<\/p>\n<p class=\"aw-1gybjub aw-1p7kakr kEtdKx cEmitX yle__article__paragraph\">Avtalet kommer att skapa v\u00e4rldens st\u00f6rsta frihandelszon med \u00f6ver 700 miljoner m\u00e4nniskor, och s\u00e4nka importtullar p\u00e5 varor fr\u00e5n EU rej\u00e4lt.<\/p>\n<p class=\"aw-1gybjub aw-1p7kakr kEtdKx cEmitX yle__article__paragraph\">Europeiska sektorer som v\u00e4ntas gynnas av tulls\u00e4nkningarna \u00e4r bland annat bil-, flyg- och maskinindustrin samt jordbruksexport som vin och ost.<\/p>\n<p class=\"aw-1gybjub aw-1p7kakr kEtdKx cEmitX yle__article__paragraph\">Det betyder enligt EU att europeiska f\u00f6retag kommer att spara fyra miljarder euro per \u00e5r i tullar. Dessutom kommer exporten av fordon, maskiner, vin och sprit till Sydamerika att underl\u00e4ttas.<\/p>\n<p class=\"aw-1gybjub aw-1p7kakr kEtdKx cEmitX yle__article__paragraph\">Avtalet v\u00e4ntas enligt EU \u00f6ka unionens livsmedelsexport till Sydamerika med 50 procent.<\/p>\n<p>Sv\u00e5rt att \u00f6vervaka att regler f\u00f6ljs<\/p>\n<p class=\"aw-1gybjub aw-1p7kakr kEtdKx cEmitX yle__article__paragraph\">Under de senaste m\u00e5naderna har EU-kommissionen anstr\u00e4ngt sig f\u00f6r att \u00f6vertyga motst\u00e5ndarna om att f\u00f6rdelarna med avtalet \u00f6verv\u00e4ger nackdelarna.<\/p>\n<p class=\"aw-1gybjub aw-1p7kakr kEtdKx cEmitX yle__article__paragraph\">Man har gjort flera eftergifter, bland annat godk\u00e4nt s\u00e4rskilda skyddsmekanismer f\u00f6r jordbruksmarknaden och st\u00e4rkta importkontroller, s\u00e4rskilt n\u00e4r det g\u00e4ller rester av bek\u00e4mpningsmedel.<\/p>\n<p class=\"aw-1gybjub aw-1p7kakr kEtdKx cEmitX yle__article__paragraph\">Det blir till exempel m\u00f6jligt att ingripa om importen fr\u00e5n Mercosurl\u00e4nderna \u00f6kar kraftigt och riskerar att st\u00f6ra den europeiska marknaden.<\/p>\n<p class=\"aw-1gybjub aw-1p7kakr kEtdKx cEmitX yle__article__paragraph\">Enligt kritikerna \u00e4r \u00e4nd\u00e5 s\u00e5dana mekanismer ofta tr\u00f6ga att utl\u00f6sa i praktiken och ger s\u00e4llan ett omedelbart skydd f\u00f6r producenter.<\/p>\n<p><img decoding=\"async\" alt=\"Sockerr\u00f6rsodling i Brasilien.\" src=\"https:\/\/www.europesays.com\/se\/wp-content\/uploads\/2026\/01\/39-157940569611dfd600fe.jpeg\" loading=\"lazy\" class=\"aw-1l9m598 hKVVvP\"\/><\/p>\n<p>\u00d6ppna bildvisare<\/p>\n<p>I Mercosurl\u00e4nderna f\u00e5r man anv\u00e4nda v\u00e4xtskyddsmedel som EU-l\u00e4nderna inte har f\u00e5tt anv\u00e4nda p\u00e5 \u00e5rtionden.  Bild: STELLA Pictures\/ddp\/abaca press<\/p>\n<p class=\"aw-1gybjub aw-1p7kakr kEtdKx cEmitX yle__article__paragraph\">Max Schulman vid MTK \u00e4r sj\u00e4lv lite skeptisk till hur till exempel importkontroller ska fungera.<\/p>\n<p class=\"aw-1gybjub aw-1p7kakr kEtdKx cEmitX yle__article__paragraph\">\u2013 Man ska inte aktivt f\u00e5 anv\u00e4nda sig av exempelvis hormoner, man ska inte f\u00e5 bleka k\u00f6tt med klor och s\u00e5 vidare. Livsmedelsproduktionen ska f\u00f6lja samma standard som i Europa. Men det \u00e4r ju fruktansv\u00e4rt sv\u00e5rt att kontrollera det h\u00e4r.<\/p>\n<p class=\"aw-1gybjub aw-1p7kakr kEtdKx cEmitX yle__article__paragraph\">Schulman s\u00e4ger att man i till exempel Brasilien f\u00e5r anv\u00e4nda ett tjugotal v\u00e4xtskyddsmedel n\u00e4r man producerar sockerr\u00f6r. Det \u00e4r fr\u00e5gan om \u00e4mnen som EU-l\u00e4nderna inte har f\u00e5tt anv\u00e4nda p\u00e5 \u00e5rtionden. Och de syns ingenstans n\u00e4r r\u00f6ren blir till socker.<\/p>\n<p class=\"aw-1gybjub aw-1p7kakr kEtdKx cEmitX yle__article__paragraph\">\u2013 Fr\u00e5n jordbrukarnas sida har vi redan l\u00e4nge sagt att bra, nu kan ni s\u00e4tta kriterier och standarder. Men vem kommer att f\u00f6lja upp det h\u00e4r?<\/p>\n<p class=\"aw-1gybjub aw-1p7kakr kEtdKx cEmitX yle__article__paragraph\">Det ska bli intressant att se n\u00e4r det f\u00f6rsta fallet d\u00e4r kriterierna inte uppfylls kommer och vad man d\u00e5 g\u00f6r, s\u00e4ger Schulman.<\/p>\n<p>Nya demonstrationer mot avtalet<\/p>\n<p class=\"aw-1gybjub aw-1p7kakr kEtdKx cEmitX yle__article__paragraph\">Ocks\u00e5 under fredagen demonstrerade franska, polska, italienska, spanska och belgiska b\u00f6nder mot Mercosuravtalet. Traktorer rullade in i Paris, Milano och Warszawa och i Belgien blockerade traktorer stora v\u00e4gar runt om i landet.<\/p>\n<p><img decoding=\"async\" alt=\"B\u00f6nder i Belgien demonstrerar mot mercosuravtalet.\" src=\"https:\/\/www.europesays.com\/se\/wp-content\/uploads\/2026\/01\/39-1579391696119889c97b.jpeg\" loading=\"lazy\" class=\"aw-1l9m598 hKVVvP\"\/><\/p>\n<p>\u00d6ppna bildvisare<\/p>\n<p>B\u00f6nder blockerade v\u00e4gar i Belgien med traktorer under fredagen.  Bild: EPA<\/p>\n<p class=\"aw-1gybjub aw-1p7kakr kEtdKx cEmitX yle__article__paragraph\">\u2013 Vi kommer inte att kunna konkurrera med Mercosur, s\u00e4ger bonden <strong class=\"aw-ak79eh KyCXm yle__article__strong\">Bogumil<\/strong>, som deltog i fredagens protester i Polens huvudstad Warszawa.<\/p>\n<p>Bogumil har kommit till Warszawa f\u00f6r att demonstrera mot Mercosuravtalet. <\/p>\n<p class=\"aw-1gybjub aw-1p7kakr kEtdKx cEmitX yle__article__paragraph\">Demonstranten <strong class=\"aw-ak79eh KyCXm yle__article__strong\">Marek<\/strong> s\u00e4ger att Mercosurl\u00e4nderna kommer att f\u00f6rgifta oss.<\/p>\n<p>Marek demonstrerar mot Mercosuravtalet i Warszawa. <\/p>\n<p class=\"aw-1gybjub aw-1p7kakr kEtdKx cEmitX yle__article__paragraph\">Allt \u00e4r \u00e4nd\u00e5 inte klappat och klart med Mercosuravtalet \u00e4n.<\/p>\n<p class=\"aw-1gybjub aw-1p7kakr kEtdKx cEmitX yle__article__paragraph\">Efter att det har undertecknats av Ursula von der Leyen och representanterna f\u00f6r Mercosurl\u00e4nderna ska EU-parlamentet r\u00f6sta om avtalet. Vissa delar av avtalet som g\u00e4ller handelspolitiken m\u00e5ste ocks\u00e5 godk\u00e4nnas av EU:s nationella parlament.<\/p>\n<p class=\"aw-1gybjub aw-1p7kakr kEtdKx cEmitX yle__article__paragraph\">De gr\u00f6na ledam\u00f6terna i EU-parlamentet har lovat att ta EU-kommissionen till domstol \u00f6ver avtalet. Enligt dem kommer det att p\u00e5skynda avskogningen i Amazonas och f\u00f6rsvaga EU:s klimatm\u00e5l.<\/p>\n<p class=\"aw-1gybjub aw-1p7kakr kEtdKx cEmitX yle__article__paragraph\">Frankrikes jordbruksminister <strong class=\"aw-ak79eh KyCXm yle__article__strong\">Annie Genevard<\/strong> har sagt att striden inte \u00e4r \u00f6ver och lovat att k\u00e4mpa f\u00f6r ett avslag i EU-parlamentet, d\u00e4r omr\u00f6stningen kan bli j\u00e4mn.<\/p>\n","protected":false},"excerpt":{"rendered":"EU har efter 25 \u00e5rs f\u00f6rhandlingar godk\u00e4nt ett handelsavtal med de sydamerikanska Mercosurl\u00e4nderna. Avtalet v\u00e4cker starka protester bland&hellip;\n","protected":false},"author":2,"featured_media":130948,"comment_status":"","ping_status":"","sticky":false,"template":"","format":"standard","meta":{"footnotes":""},"categories":[14],"tags":[3827,22,23,71,267,1680,26,27,266,17,21,1108,1742,705,1682,24,25,28,29,13436,15,16,18,34,31,33,32,30,5504,19,20,397,237,51,52,53,54],"class_list":{"0":"post-130947","1":"post","2":"type-post","3":"status-publish","4":"format-standard","5":"has-post-thumbnail","7":"category-varlden","8":"tag-belgien","9":"tag-breaking-news","10":"tag-breakingnews","11":"tag-ekonomi","12":"tag-europa","13":"tag-europeiska-unionen","14":"tag-featured-news","15":"tag-featurednews","16":"tag-frankrike","17":"tag-headlines","18":"tag-huvudnyheter","19":"tag-internationell-handel","20":"tag-internationell-politik","21":"tag-jordbruk","22":"tag-jordbrukare","23":"tag-latest-news","24":"tag-latestnews","25":"tag-main-news","26":"tag-mainnews","27":"tag-mercosur","28":"tag-news","29":"tag-nyheter","30":"tag-rubriker","31":"tag-se","32":"tag-svenska","33":"tag-sverige","34":"tag-sweden","35":"tag-swedish","36":"tag-sydamerika","37":"tag-top-stories","38":"tag-topstories","39":"tag-tullar","40":"tag-utrikes","41":"tag-varlden","42":"tag-world","43":"tag-world-news","44":"tag-worldnews"},"share_on_mastodon":{"url":"","error":"Validation failed: Text character limit of 500 exceeded"},"_links":{"self":[{"href":"https:\/\/www.europesays.com\/se\/wp-json\/wp\/v2\/posts\/130947","targetHints":{"allow":["GET"]}}],"collection":[{"href":"https:\/\/www.europesays.com\/se\/wp-json\/wp\/v2\/posts"}],"about":[{"href":"https:\/\/www.europesays.com\/se\/wp-json\/wp\/v2\/types\/post"}],"author":[{"embeddable":true,"href":"https:\/\/www.europesays.com\/se\/wp-json\/wp\/v2\/users\/2"}],"replies":[{"embeddable":true,"href":"https:\/\/www.europesays.com\/se\/wp-json\/wp\/v2\/comments?post=130947"}],"version-history":[{"count":0,"href":"https:\/\/www.europesays.com\/se\/wp-json\/wp\/v2\/posts\/130947\/revisions"}],"wp:featuredmedia":[{"embeddable":true,"href":"https:\/\/www.europesays.com\/se\/wp-json\/wp\/v2\/media\/130948"}],"wp:attachment":[{"href":"https:\/\/www.europesays.com\/se\/wp-json\/wp\/v2\/media?parent=130947"}],"wp:term":[{"taxonomy":"category","embeddable":true,"href":"https:\/\/www.europesays.com\/se\/wp-json\/wp\/v2\/categories?post=130947"},{"taxonomy":"post_tag","embeddable":true,"href":"https:\/\/www.europesays.com\/se\/wp-json\/wp\/v2\/tags?post=130947"}],"curies":[{"name":"wp","href":"https:\/\/api.w.org\/{rel}","templated":true}]}}